{"id":10084,"date":"2024-04-08T09:38:29","date_gmt":"2024-04-08T12:38:29","guid":{"rendered":"https:\/\/colgrad.direito.ufmg.br\/?p=10084"},"modified":"2024-04-08T09:38:29","modified_gmt":"2024-04-08T12:38:29","slug":"oportunidade-de-estagio-instituto-mineiro-de-gestao-das-aguas","status":"publish","type":"post","link":"https:\/\/colgrad.direito.ufmg.br\/?p=10084","title":{"rendered":"Oportunidade de Est\u00e1gio &#8211; Instituto Mineiro de Gest\u00e3o das \u00c1guas"},"content":{"rendered":"<div class=\"elementToProof\" style=\"font-size: 12pt; font-family: Calibri, Helvetica, sans-serif; color: #000000;\"><b>VAGA DE EST\u00c1GIO IGAM<\/b><\/div>\n<div style=\"font-size: 12pt; font-family: Calibri, Helvetica, sans-serif; color: #000000;\">Instituto Mineiro de Gest\u00e3o das \u00c1guas &#8211; Igam<\/div>\n<div style=\"font-size: 12pt; font-family: Calibri, Helvetica, sans-serif; color: #000000;\">N\u00facleo de Autos de Infra\u00e7\u00e3o &#8211; NAI<\/div>\n<div style=\"font-size: 12pt; font-family: Calibri, Helvetica, sans-serif; color: #000000;\"><\/div>\n<div style=\"font-size: 12pt; font-family: Calibri, Helvetica, sans-serif; color: #000000;\">Atividades:<\/div>\n<div style=\"font-size: 12pt; font-family: Calibri, Helvetica, sans-serif; color: #000000;\">&#8211; Apoio no recebimento dos autos de infra\u00e7\u00e3o lavrados pelos diversos setores do Igam;<\/div>\n<div style=\"font-size: 12pt; font-family: Calibri, Helvetica, sans-serif; color: #000000;\">&#8211; Apoio na autua\u00e7\u00e3o de processos, remessa dos autos de infra\u00e7\u00e3o aos autuados (notifica\u00e7\u00e3o), recebimento das defesas\/recursos administrativos, juntada de documentos aos processos, an\u00e1lise de defesas e recursos apresentados pelos autuados;<\/div>\n<div style=\"font-size: 12pt; font-family: Calibri, Helvetica, sans-serif; color: #000000;\">&#8211; Apoio na confer\u00eancia de pagamento das multas, remessa de autos de infra\u00e7\u00e3o \u00e0 AGE;<\/div>\n<div style=\"font-size: 12pt; font-family: Calibri, Helvetica, sans-serif; color: #000000;\">&#8211; Apoio na an\u00e1lise jur\u00eddica de processos de outorga de grande porte.<\/div>\n<div style=\"font-size: 12pt; font-family: Calibri, Helvetica, sans-serif; color: #000000;\"><\/div>\n<div style=\"font-size: 12pt; font-family: Calibri, Helvetica, sans-serif; color: #000000;\">Requisitos:<\/div>\n<div style=\"font-size: 12pt; font-family: Calibri, Helvetica, sans-serif; color: #000000;\">&#8211; Curso superior em andamento em Direito, preferencialmente a partir do 3\u00ba per\u00edodo;<\/div>\n<div style=\"font-size: 12pt; font-family: Calibri, Helvetica, sans-serif; color: #000000;\">&#8211; Conhecimentos desej\u00e1veis: Pacote Office, especialmente Excel (Avan\u00e7ado);<\/div>\n<div style=\"font-size: 12pt; font-family: Calibri, Helvetica, sans-serif; color: #000000;\">&#8211; Habilidades: Boa comunica\u00e7\u00e3o (oral e escrita), organiza\u00e7\u00e3o de informa\u00e7\u00f5es, pensamento anal\u00edtico, trabalho em equipe;<\/div>\n<div style=\"font-size: 12pt; font-family: Calibri, Helvetica, sans-serif; color: #000000;\">&#8211; Atitudes: Foco, comprometimento, proatividade e responsabilidade.<\/div>\n<div style=\"font-size: 12pt; font-family: Calibri, Helvetica, sans-serif; color: #000000;\"><\/div>\n<div style=\"font-size: 12pt; font-family: Calibri, Helvetica, sans-serif; color: #000000;\">Informa\u00e7\u00f5es:<\/div>\n<div style=\"font-size: 12pt; font-family: Calibri, Helvetica, sans-serif; color: #000000;\">&#8211; Bolsa: R$ 839,16 + aux\u00edlio transporte de at\u00e9 R$ 231\/m\u00eas.<\/div>\n<div style=\"font-size: 12pt; font-family: Calibri, Helvetica, sans-serif; color: #000000;\">&#8211; Carga hor\u00e1ria: 20 horas semanais, preferencialmente no turno da tarde<\/div>\n<div style=\"font-size: 12pt; font-family: Calibri, Helvetica, sans-serif; color: #000000;\">&#8211; Local de trabalho: Cidade Administrativa de Minas Gerais, possibilidade de regime de teletrabalho parcial (presencial 1x\/semana)<\/div>\n<div class=\"elementToProof\" style=\"font-size: 12pt; font-family: Calibri, Helvetica, sans-serif; color: #000000;\"><span style=\"color: #ff0000;\">&#8211; Enviar curr\u00edculo para o e-mail rosane.moraes@meioambiente.mg.gov.br, at\u00e9 o dia 12\/04\/2024.<\/span><\/div>\n","protected":false},"excerpt":{"rendered":"<p>VAGA DE EST\u00c1GIO IGAM Instituto Mineiro de Gest\u00e3o das \u00c1guas &#8211; Igam N\u00facleo de Autos de Infra\u00e7\u00e3o &#8211; NAI Atividades: &#8211; Apoio no recebimento dos autos de infra\u00e7\u00e3o lavrados pelos&hellip;<\/p>\n","protected":false},"author":13,"featured_media":0,"comment_status":"closed","ping_status":"open","sticky":false,"template":"","format":"standard","meta":{"footnotes":""},"categories":[12],"tags":[],"class_list":["post-10084","post","type-post","status-publish","format-standard","hentry","category-oportunidades-estagio-npj"],"publishpress_future_action":{"enabled":false,"date":"2026-05-09 05:58:32","action":"change-status","newStatus":"draft","terms":[],"taxonomy":"category","extraData":[]},"publishpress_future_workflow_manual_trigger":{"enabledWorkflows":[]},"_links":{"self":[{"href":"https:\/\/colgrad.direito.ufmg.br\/index.php?rest_route=\/wp\/v2\/posts\/10084","targetHints":{"allow":["GET"]}}],"collection":[{"href":"https:\/\/colgrad.direito.ufmg.br\/index.php?rest_route=\/wp\/v2\/posts"}],"about":[{"href":"https:\/\/colgrad.direito.ufmg.br\/index.php?rest_route=\/wp\/v2\/types\/post"}],"author":[{"embeddable":true,"href":"https:\/\/colgrad.direito.ufmg.br\/index.php?rest_route=\/wp\/v2\/users\/13"}],"replies":[{"embeddable":true,"href":"https:\/\/colgrad.direito.ufmg.br\/index.php?rest_route=%2Fwp%2Fv2%2Fcomments&post=10084"}],"version-history":[{"count":1,"href":"https:\/\/colgrad.direito.ufmg.br\/index.php?rest_route=\/wp\/v2\/posts\/10084\/revisions"}],"predecessor-version":[{"id":10085,"href":"https:\/\/colgrad.direito.ufmg.br\/index.php?rest_route=\/wp\/v2\/posts\/10084\/revisions\/10085"}],"wp:attachment":[{"href":"https:\/\/colgrad.direito.ufmg.br\/index.php?rest_route=%2Fwp%2Fv2%2Fmedia&parent=10084"}],"wp:term":[{"taxonomy":"category","embeddable":true,"href":"https:\/\/colgrad.direito.ufmg.br\/index.php?rest_route=%2Fwp%2Fv2%2Fcategories&post=10084"},{"taxonomy":"post_tag","embeddable":true,"href":"https:\/\/colgrad.direito.ufmg.br\/index.php?rest_route=%2Fwp%2Fv2%2Ftags&post=10084"}],"curies":[{"name":"wp","href":"https:\/\/api.w.org\/{rel}","templated":true}]}}