{"id":10102,"date":"2024-04-09T13:44:42","date_gmt":"2024-04-09T16:44:42","guid":{"rendered":"https:\/\/colgrad.direito.ufmg.br\/?p=10102"},"modified":"2024-04-09T13:44:42","modified_gmt":"2024-04-09T16:44:42","slug":"oportunidade-de-estagio-departamento-juridico-da-minas-arena","status":"publish","type":"post","link":"https:\/\/colgrad.direito.ufmg.br\/?p=10102","title":{"rendered":"Oportunidade de Est\u00e1gio &#8211; Departamento Jur\u00eddico da Minas Arena"},"content":{"rendered":"<p>Mineir\u00e3o contrata \u2013 Estagi\u00e1rio de Direito<\/p>\n<p>&#8211; Local do est\u00e1gio: Est\u00e1dio Mineir\u00e3o<\/p>\n<p>&#8211; N\u00ba de vagas: 1 (uma)<\/p>\n<p>&#8211; \u00c1rea de atua\u00e7\u00e3o: Departamento Jur\u00eddico<\/p>\n<p>&#8211; Per\u00edodo do candidato: 3\u00ba ano (5\u00ba ou 6\u00ba per\u00edodo)<\/p>\n<p>&#8211; Carga hor\u00e1ria: 30 horas semanais \/ 6 horas di\u00e1rias \/ segunda a sexta-feira<\/p>\n<p>&#8211; Turno do est\u00e1gio: manh\u00e3 ou tarde<\/p>\n<p>&#8211; Bolsa-aux\u00edlio + vale transporte + seguro de vida + gympass<\/p>\n<p>&#8211; Objetivo: desenvolver compet\u00eancias relacionadas a assuntos jur\u00eddicos da empresa<\/p>\n<p>&#8211; Descri\u00e7\u00e3o das atividades: assessorar a elabora\u00e7\u00e3o, revis\u00e3o e gest\u00e3o de contratos; assessorar a gest\u00e3o de processos administrativos e judiciais; pesquisa doutrin\u00e1ria e jurisprudencial; assessorar a elabora\u00e7\u00e3o de pareceres.<\/p>\n<p>&#8211; Conhecimentos necess\u00e1rios: boa reda\u00e7\u00e3o, boa interpreta\u00e7\u00e3o de documentos, perfil generalista, com aprofundamento em direito civil e administrativo.<\/p>\n<p>O contato do candidato dever\u00e1 ser feito SOMENTE atrav\u00e9s do link <a href=\"https:\/\/talentosmineirao.gupy.io\/jobs\/6957813\">https:\/\/talentosmineirao.gupy.io\/jobs\/6957813<\/a>, com o envio de curr\u00edculo para an\u00e1lise.<\/p>\n<p>Os curr\u00edculos passar\u00e3o por uma triagem, e os candidatos, que estiverem dentro do perfil, receber\u00e3o convite para entrevista pessoal.<\/p>\n","protected":false},"excerpt":{"rendered":"<p>Mineir\u00e3o contrata \u2013 Estagi\u00e1rio de Direito &#8211; Local do est\u00e1gio: Est\u00e1dio Mineir\u00e3o &#8211; N\u00ba de vagas: 1 (uma) &#8211; \u00c1rea de atua\u00e7\u00e3o: Departamento Jur\u00eddico &#8211; Per\u00edodo do candidato: 3\u00ba ano&hellip;<\/p>\n","protected":false},"author":13,"featured_media":0,"comment_status":"closed","ping_status":"open","sticky":false,"template":"","format":"standard","meta":{"footnotes":""},"categories":[12],"tags":[],"class_list":["post-10102","post","type-post","status-publish","format-standard","hentry","category-oportunidades-estagio-npj"],"publishpress_future_action":{"enabled":false,"date":"2026-05-09 10:02:51","action":"change-status","newStatus":"draft","terms":[],"taxonomy":"category","extraData":[]},"publishpress_future_workflow_manual_trigger":{"enabledWorkflows":[]},"_links":{"self":[{"href":"https:\/\/colgrad.direito.ufmg.br\/index.php?rest_route=\/wp\/v2\/posts\/10102","targetHints":{"allow":["GET"]}}],"collection":[{"href":"https:\/\/colgrad.direito.ufmg.br\/index.php?rest_route=\/wp\/v2\/posts"}],"about":[{"href":"https:\/\/colgrad.direito.ufmg.br\/index.php?rest_route=\/wp\/v2\/types\/post"}],"author":[{"embeddable":true,"href":"https:\/\/colgrad.direito.ufmg.br\/index.php?rest_route=\/wp\/v2\/users\/13"}],"replies":[{"embeddable":true,"href":"https:\/\/colgrad.direito.ufmg.br\/index.php?rest_route=%2Fwp%2Fv2%2Fcomments&post=10102"}],"version-history":[{"count":1,"href":"https:\/\/colgrad.direito.ufmg.br\/index.php?rest_route=\/wp\/v2\/posts\/10102\/revisions"}],"predecessor-version":[{"id":10103,"href":"https:\/\/colgrad.direito.ufmg.br\/index.php?rest_route=\/wp\/v2\/posts\/10102\/revisions\/10103"}],"wp:attachment":[{"href":"https:\/\/colgrad.direito.ufmg.br\/index.php?rest_route=%2Fwp%2Fv2%2Fmedia&parent=10102"}],"wp:term":[{"taxonomy":"category","embeddable":true,"href":"https:\/\/colgrad.direito.ufmg.br\/index.php?rest_route=%2Fwp%2Fv2%2Fcategories&post=10102"},{"taxonomy":"post_tag","embeddable":true,"href":"https:\/\/colgrad.direito.ufmg.br\/index.php?rest_route=%2Fwp%2Fv2%2Ftags&post=10102"}],"curies":[{"name":"wp","href":"https:\/\/api.w.org\/{rel}","templated":true}]}}