{"id":10119,"date":"2024-04-12T13:14:00","date_gmt":"2024-04-12T16:14:00","guid":{"rendered":"https:\/\/colgrad.direito.ufmg.br\/?p=10119"},"modified":"2024-04-12T13:14:00","modified_gmt":"2024-04-12T16:14:00","slug":"oportunidade-de-estagio-cohab-minas","status":"publish","type":"post","link":"https:\/\/colgrad.direito.ufmg.br\/?p=10119","title":{"rendered":"Oportunidade de Est\u00e1gio &#8211; COHAB MINAS"},"content":{"rendered":"<p>A AGIEL &#8211; Ag\u00eancia Virtual de Est\u00e1gios, em parceria com COHAB MINAS , est\u00e1 disponibilizando vagas de est\u00e1gio para os estudantes que residem em Belo Horizonte, Santa Luzia e Vespasiano e cursam Ci\u00eancias Econ\u00f4micas, Direito e Ci\u00eancias do Estado.<\/p>\n<p>Segue o link com todas as informa\u00e7\u00f5es sobre o processo seletivo:<\/p>\n<p><a href=\"https:\/\/www.agiel.com.br\/estudante\/vagas\/?codigo=MG2024000460\">https:\/\/www.agiel.com.br\/estudante\/vagas\/?codigo=MG2024000460<\/a><\/p>\n","protected":false},"excerpt":{"rendered":"<p>A AGIEL &#8211; Ag\u00eancia Virtual de Est\u00e1gios, em parceria com COHAB MINAS , est\u00e1 disponibilizando vagas de est\u00e1gio para os estudantes que residem em Belo Horizonte, Santa Luzia e Vespasiano&hellip;<\/p>\n","protected":false},"author":13,"featured_media":0,"comment_status":"closed","ping_status":"open","sticky":false,"template":"","format":"standard","meta":{"footnotes":""},"categories":[12],"tags":[],"class_list":["post-10119","post","type-post","status-publish","format-standard","hentry","category-oportunidades-estagio-npj"],"publishpress_future_action":{"enabled":false,"date":"2026-05-09 02:13:25","action":"change-status","newStatus":"draft","terms":[],"taxonomy":"category","extraData":[]},"publishpress_future_workflow_manual_trigger":{"enabledWorkflows":[]},"_links":{"self":[{"href":"https:\/\/colgrad.direito.ufmg.br\/index.php?rest_route=\/wp\/v2\/posts\/10119","targetHints":{"allow":["GET"]}}],"collection":[{"href":"https:\/\/colgrad.direito.ufmg.br\/index.php?rest_route=\/wp\/v2\/posts"}],"about":[{"href":"https:\/\/colgrad.direito.ufmg.br\/index.php?rest_route=\/wp\/v2\/types\/post"}],"author":[{"embeddable":true,"href":"https:\/\/colgrad.direito.ufmg.br\/index.php?rest_route=\/wp\/v2\/users\/13"}],"replies":[{"embeddable":true,"href":"https:\/\/colgrad.direito.ufmg.br\/index.php?rest_route=%2Fwp%2Fv2%2Fcomments&post=10119"}],"version-history":[{"count":2,"href":"https:\/\/colgrad.direito.ufmg.br\/index.php?rest_route=\/wp\/v2\/posts\/10119\/revisions"}],"predecessor-version":[{"id":10121,"href":"https:\/\/colgrad.direito.ufmg.br\/index.php?rest_route=\/wp\/v2\/posts\/10119\/revisions\/10121"}],"wp:attachment":[{"href":"https:\/\/colgrad.direito.ufmg.br\/index.php?rest_route=%2Fwp%2Fv2%2Fmedia&parent=10119"}],"wp:term":[{"taxonomy":"category","embeddable":true,"href":"https:\/\/colgrad.direito.ufmg.br\/index.php?rest_route=%2Fwp%2Fv2%2Fcategories&post=10119"},{"taxonomy":"post_tag","embeddable":true,"href":"https:\/\/colgrad.direito.ufmg.br\/index.php?rest_route=%2Fwp%2Fv2%2Ftags&post=10119"}],"curies":[{"name":"wp","href":"https:\/\/api.w.org\/{rel}","templated":true}]}}