{"id":10140,"date":"2024-04-16T13:28:30","date_gmt":"2024-04-16T16:28:30","guid":{"rendered":"https:\/\/colgrad.direito.ufmg.br\/?p=10140"},"modified":"2024-04-16T13:28:30","modified_gmt":"2024-04-16T16:28:30","slug":"oportunidade-de-estagio-mpt-mg","status":"publish","type":"post","link":"https:\/\/colgrad.direito.ufmg.br\/?p=10140","title":{"rendered":"Oportunidade de Est\u00e1gio &#8211; MPT-MG"},"content":{"rendered":"<p>Est\u00e3o abertas as inscri\u00e7\u00f5es para o processo seletivo de estagi\u00e1rios.<\/p>\n<p>Neste ano teremos vagas para Gradua\u00e7\u00e3o (diversos cursos).<\/p>\n<p>Mais informa\u00e7\u00f5es:<a href=\"https:\/\/www.prt3.mpt.mp.br\/informe-se\/estagiarios\"> https:\/\/www.prt3.mpt.mp.br\/informe-se\/estagiarios<\/a><\/p>\n","protected":false},"excerpt":{"rendered":"<p>Est\u00e3o abertas as inscri\u00e7\u00f5es para o processo seletivo de estagi\u00e1rios. Neste ano teremos vagas para Gradua\u00e7\u00e3o (diversos cursos). Mais informa\u00e7\u00f5es: https:\/\/www.prt3.mpt.mp.br\/informe-se\/estagiarios<\/p>\n","protected":false},"author":13,"featured_media":0,"comment_status":"closed","ping_status":"open","sticky":false,"template":"","format":"standard","meta":{"footnotes":""},"categories":[12],"tags":[],"class_list":["post-10140","post","type-post","status-publish","format-standard","hentry","category-oportunidades-estagio-npj"],"publishpress_future_action":{"enabled":false,"date":"2026-05-10 12:03:27","action":"change-status","newStatus":"draft","terms":[],"taxonomy":"category","extraData":[]},"publishpress_future_workflow_manual_trigger":{"enabledWorkflows":[]},"_links":{"self":[{"href":"https:\/\/colgrad.direito.ufmg.br\/index.php?rest_route=\/wp\/v2\/posts\/10140","targetHints":{"allow":["GET"]}}],"collection":[{"href":"https:\/\/colgrad.direito.ufmg.br\/index.php?rest_route=\/wp\/v2\/posts"}],"about":[{"href":"https:\/\/colgrad.direito.ufmg.br\/index.php?rest_route=\/wp\/v2\/types\/post"}],"author":[{"embeddable":true,"href":"https:\/\/colgrad.direito.ufmg.br\/index.php?rest_route=\/wp\/v2\/users\/13"}],"replies":[{"embeddable":true,"href":"https:\/\/colgrad.direito.ufmg.br\/index.php?rest_route=%2Fwp%2Fv2%2Fcomments&post=10140"}],"version-history":[{"count":1,"href":"https:\/\/colgrad.direito.ufmg.br\/index.php?rest_route=\/wp\/v2\/posts\/10140\/revisions"}],"predecessor-version":[{"id":10141,"href":"https:\/\/colgrad.direito.ufmg.br\/index.php?rest_route=\/wp\/v2\/posts\/10140\/revisions\/10141"}],"wp:attachment":[{"href":"https:\/\/colgrad.direito.ufmg.br\/index.php?rest_route=%2Fwp%2Fv2%2Fmedia&parent=10140"}],"wp:term":[{"taxonomy":"category","embeddable":true,"href":"https:\/\/colgrad.direito.ufmg.br\/index.php?rest_route=%2Fwp%2Fv2%2Fcategories&post=10140"},{"taxonomy":"post_tag","embeddable":true,"href":"https:\/\/colgrad.direito.ufmg.br\/index.php?rest_route=%2Fwp%2Fv2%2Ftags&post=10140"}],"curies":[{"name":"wp","href":"https:\/\/api.w.org\/{rel}","templated":true}]}}