{"id":10145,"date":"2024-04-17T12:56:40","date_gmt":"2024-04-17T15:56:40","guid":{"rendered":"https:\/\/colgrad.direito.ufmg.br\/?p=10145"},"modified":"2024-04-17T12:56:40","modified_gmt":"2024-04-17T15:56:40","slug":"oportunidade-de-estagio-asr-advogados","status":"publish","type":"post","link":"https:\/\/colgrad.direito.ufmg.br\/?p=10145","title":{"rendered":"Oportunidade de Est\u00e1gio &#8211; ASR Advogados"},"content":{"rendered":"<p style=\"text-align: left;\">O escrit\u00f3rio ASR Advogados est\u00e1 em busca de um estagi\u00e1rio comprometido e apaixonado pelo Direito Previdenci\u00e1rio para integrar sua equipe.<\/p>\n<p style=\"text-align: left;\">Se voc\u00ea tem boa comunica\u00e7\u00e3o, habilidades de trabalho em equipe, conhecimento b\u00e1sico em Microsoft Word e est\u00e1 cursando entre o 6\u00ba e o 8\u00ba per\u00edodo, essa oportunidade pode ser para voc\u00ea!<\/p>\n<p>Maiores informa\u00e7\u00f5es sobre a vaga no link abaixo:<\/p>\n<p><a href=\"https:\/\/colgrad.direito.ufmg.br\/wp-content\/uploads\/2024\/04\/VAGA-DE-ESTAGIO-ASR-ADVOGADOS.pdf\">VAGA DE ESTA\u0301GIO &#8211; ASR ADVOGADOS<\/a><\/p>\n","protected":false},"excerpt":{"rendered":"<p>O escrit\u00f3rio ASR Advogados est\u00e1 em busca de um estagi\u00e1rio comprometido e apaixonado pelo Direito Previdenci\u00e1rio para integrar sua equipe. Se voc\u00ea tem boa comunica\u00e7\u00e3o, habilidades de trabalho em equipe,&hellip;<\/p>\n","protected":false},"author":13,"featured_media":0,"comment_status":"closed","ping_status":"open","sticky":false,"template":"","format":"standard","meta":{"footnotes":""},"categories":[12],"tags":[],"class_list":["post-10145","post","type-post","status-publish","format-standard","hentry","category-oportunidades-estagio-npj"],"publishpress_future_action":{"enabled":false,"date":"2026-05-10 12:03:28","action":"change-status","newStatus":"draft","terms":[],"taxonomy":"category","extraData":[]},"publishpress_future_workflow_manual_trigger":{"enabledWorkflows":[]},"_links":{"self":[{"href":"https:\/\/colgrad.direito.ufmg.br\/index.php?rest_route=\/wp\/v2\/posts\/10145","targetHints":{"allow":["GET"]}}],"collection":[{"href":"https:\/\/colgrad.direito.ufmg.br\/index.php?rest_route=\/wp\/v2\/posts"}],"about":[{"href":"https:\/\/colgrad.direito.ufmg.br\/index.php?rest_route=\/wp\/v2\/types\/post"}],"author":[{"embeddable":true,"href":"https:\/\/colgrad.direito.ufmg.br\/index.php?rest_route=\/wp\/v2\/users\/13"}],"replies":[{"embeddable":true,"href":"https:\/\/colgrad.direito.ufmg.br\/index.php?rest_route=%2Fwp%2Fv2%2Fcomments&post=10145"}],"version-history":[{"count":1,"href":"https:\/\/colgrad.direito.ufmg.br\/index.php?rest_route=\/wp\/v2\/posts\/10145\/revisions"}],"predecessor-version":[{"id":10147,"href":"https:\/\/colgrad.direito.ufmg.br\/index.php?rest_route=\/wp\/v2\/posts\/10145\/revisions\/10147"}],"wp:attachment":[{"href":"https:\/\/colgrad.direito.ufmg.br\/index.php?rest_route=%2Fwp%2Fv2%2Fmedia&parent=10145"}],"wp:term":[{"taxonomy":"category","embeddable":true,"href":"https:\/\/colgrad.direito.ufmg.br\/index.php?rest_route=%2Fwp%2Fv2%2Fcategories&post=10145"},{"taxonomy":"post_tag","embeddable":true,"href":"https:\/\/colgrad.direito.ufmg.br\/index.php?rest_route=%2Fwp%2Fv2%2Ftags&post=10145"}],"curies":[{"name":"wp","href":"https:\/\/api.w.org\/{rel}","templated":true}]}}