{"id":10164,"date":"2024-04-19T09:53:22","date_gmt":"2024-04-19T12:53:22","guid":{"rendered":"https:\/\/colgrad.direito.ufmg.br\/?p=10164"},"modified":"2024-04-19T09:53:22","modified_gmt":"2024-04-19T12:53:22","slug":"oportunidade-de-estagio-gabinete-tjmg","status":"publish","type":"post","link":"https:\/\/colgrad.direito.ufmg.br\/?p=10164","title":{"rendered":"Oportunidade de Est\u00e1gio &#8211; Gabinete TJMG"},"content":{"rendered":"<p>Oportunidade de Est\u00e1gio na 20\u00aa C\u00e2mara C\u00edvel do TJMG.<\/p>\n<p>Gabinete do Des. Vicente de Oliveira.<\/p>\n<p>Maiores informa\u00e7\u00f5es sobre a vaga no link abaixo:<\/p>\n<p><a href=\"https:\/\/colgrad.direito.ufmg.br\/wp-content\/uploads\/2024\/04\/VAGA-DE-ESTAGIO-TJMG.pdf\">VAGA DE EST\u00c1GIO TJMG<\/a><\/p>\n","protected":false},"excerpt":{"rendered":"<p>Oportunidade de Est\u00e1gio na 20\u00aa C\u00e2mara C\u00edvel do TJMG. Gabinete do Des. Vicente de Oliveira. Maiores informa\u00e7\u00f5es sobre a vaga no link abaixo: VAGA DE EST\u00c1GIO TJMG<\/p>\n","protected":false},"author":13,"featured_media":0,"comment_status":"closed","ping_status":"open","sticky":false,"template":"","format":"standard","meta":{"footnotes":""},"categories":[12],"tags":[],"class_list":["post-10164","post","type-post","status-publish","format-standard","hentry","category-oportunidades-estagio-npj"],"publishpress_future_action":{"enabled":false,"date":"2026-05-09 05:58:32","action":"change-status","newStatus":"draft","terms":[],"taxonomy":"category","extraData":[]},"publishpress_future_workflow_manual_trigger":{"enabledWorkflows":[]},"_links":{"self":[{"href":"https:\/\/colgrad.direito.ufmg.br\/index.php?rest_route=\/wp\/v2\/posts\/10164","targetHints":{"allow":["GET"]}}],"collection":[{"href":"https:\/\/colgrad.direito.ufmg.br\/index.php?rest_route=\/wp\/v2\/posts"}],"about":[{"href":"https:\/\/colgrad.direito.ufmg.br\/index.php?rest_route=\/wp\/v2\/types\/post"}],"author":[{"embeddable":true,"href":"https:\/\/colgrad.direito.ufmg.br\/index.php?rest_route=\/wp\/v2\/users\/13"}],"replies":[{"embeddable":true,"href":"https:\/\/colgrad.direito.ufmg.br\/index.php?rest_route=%2Fwp%2Fv2%2Fcomments&post=10164"}],"version-history":[{"count":2,"href":"https:\/\/colgrad.direito.ufmg.br\/index.php?rest_route=\/wp\/v2\/posts\/10164\/revisions"}],"predecessor-version":[{"id":10168,"href":"https:\/\/colgrad.direito.ufmg.br\/index.php?rest_route=\/wp\/v2\/posts\/10164\/revisions\/10168"}],"wp:attachment":[{"href":"https:\/\/colgrad.direito.ufmg.br\/index.php?rest_route=%2Fwp%2Fv2%2Fmedia&parent=10164"}],"wp:term":[{"taxonomy":"category","embeddable":true,"href":"https:\/\/colgrad.direito.ufmg.br\/index.php?rest_route=%2Fwp%2Fv2%2Fcategories&post=10164"},{"taxonomy":"post_tag","embeddable":true,"href":"https:\/\/colgrad.direito.ufmg.br\/index.php?rest_route=%2Fwp%2Fv2%2Ftags&post=10164"}],"curies":[{"name":"wp","href":"https:\/\/api.w.org\/{rel}","templated":true}]}}