{"id":10221,"date":"2024-04-29T13:48:17","date_gmt":"2024-04-29T16:48:17","guid":{"rendered":"https:\/\/colgrad.direito.ufmg.br\/?p=10221"},"modified":"2024-04-29T13:48:17","modified_gmt":"2024-04-29T16:48:17","slug":"oportunidade-de-estagio-conab-2","status":"publish","type":"post","link":"https:\/\/colgrad.direito.ufmg.br\/?p=10221","title":{"rendered":"Oportunidade de Est\u00e1gio &#8211; CONAB"},"content":{"rendered":"<p><span style=\"color: #44546a; font-family: Calibri,Verdana;\">A AGIEL &#8211; Ag\u00eancia Virtual de Est\u00e1gios, em parceria com <b>CONAB<\/b>, est\u00e1 disponibilizando vagas de est\u00e1gio para os estudantes que residem em <b>Belo Horizonte, Betim, Contagem, Nova Lima, Ribeir\u00e3o das Neves, Sabar\u00e1 e Santa Luzia<\/b> e cursam <b>Direito<\/b>.<\/p>\n<p>Segue o link com todas as informa\u00e7\u00f5es sobre o processo seletivo: <a href=\"https:\/\/www.agiel.com.br\/estudante\/vagas\/?codigo=MG2024000512\">https:\/\/www.agiel.com.br\/estudante\/vagas\/?codigo=MG2024000512<\/a><\/p>\n<p><\/span><\/p>\n<p><img loading=\"lazy\" decoding=\"async\" class=\"alignnone size-large wp-image-10222\" src=\"https:\/\/colgrad.direito.ufmg.br\/wp-content\/uploads\/2024\/04\/MG2024000512-576x1024.png\" alt=\"\" width=\"576\" height=\"1024\" srcset=\"https:\/\/colgrad.direito.ufmg.br\/wp-content\/uploads\/2024\/04\/MG2024000512-576x1024.png 576w, https:\/\/colgrad.direito.ufmg.br\/wp-content\/uploads\/2024\/04\/MG2024000512-169x300.png 169w, https:\/\/colgrad.direito.ufmg.br\/wp-content\/uploads\/2024\/04\/MG2024000512-768x1365.png 768w, https:\/\/colgrad.direito.ufmg.br\/wp-content\/uploads\/2024\/04\/MG2024000512-864x1536.png 864w, https:\/\/colgrad.direito.ufmg.br\/wp-content\/uploads\/2024\/04\/MG2024000512.png 888w\" sizes=\"auto, (max-width: 576px) 100vw, 576px\" \/><\/p>\n","protected":false},"excerpt":{"rendered":"<p>A AGIEL &#8211; Ag\u00eancia Virtual de Est\u00e1gios, em parceria com CONAB, est\u00e1 disponibilizando vagas de est\u00e1gio para os estudantes que residem em Belo Horizonte, Betim, Contagem, Nova Lima, Ribeir\u00e3o das&hellip;<\/p>\n","protected":false},"author":13,"featured_media":0,"comment_status":"closed","ping_status":"open","sticky":false,"template":"","format":"standard","meta":{"footnotes":""},"categories":[12],"tags":[],"class_list":["post-10221","post","type-post","status-publish","format-standard","hentry","category-oportunidades-estagio-npj"],"publishpress_future_action":{"enabled":false,"date":"2026-05-08 09:21:26","action":"change-status","newStatus":"draft","terms":[],"taxonomy":"category","extraData":[]},"publishpress_future_workflow_manual_trigger":{"enabledWorkflows":[]},"_links":{"self":[{"href":"https:\/\/colgrad.direito.ufmg.br\/index.php?rest_route=\/wp\/v2\/posts\/10221","targetHints":{"allow":["GET"]}}],"collection":[{"href":"https:\/\/colgrad.direito.ufmg.br\/index.php?rest_route=\/wp\/v2\/posts"}],"about":[{"href":"https:\/\/colgrad.direito.ufmg.br\/index.php?rest_route=\/wp\/v2\/types\/post"}],"author":[{"embeddable":true,"href":"https:\/\/colgrad.direito.ufmg.br\/index.php?rest_route=\/wp\/v2\/users\/13"}],"replies":[{"embeddable":true,"href":"https:\/\/colgrad.direito.ufmg.br\/index.php?rest_route=%2Fwp%2Fv2%2Fcomments&post=10221"}],"version-history":[{"count":1,"href":"https:\/\/colgrad.direito.ufmg.br\/index.php?rest_route=\/wp\/v2\/posts\/10221\/revisions"}],"predecessor-version":[{"id":10223,"href":"https:\/\/colgrad.direito.ufmg.br\/index.php?rest_route=\/wp\/v2\/posts\/10221\/revisions\/10223"}],"wp:attachment":[{"href":"https:\/\/colgrad.direito.ufmg.br\/index.php?rest_route=%2Fwp%2Fv2%2Fmedia&parent=10221"}],"wp:term":[{"taxonomy":"category","embeddable":true,"href":"https:\/\/colgrad.direito.ufmg.br\/index.php?rest_route=%2Fwp%2Fv2%2Fcategories&post=10221"},{"taxonomy":"post_tag","embeddable":true,"href":"https:\/\/colgrad.direito.ufmg.br\/index.php?rest_route=%2Fwp%2Fv2%2Ftags&post=10221"}],"curies":[{"name":"wp","href":"https:\/\/api.w.org\/{rel}","templated":true}]}}