{"id":10239,"date":"2024-05-02T14:35:06","date_gmt":"2024-05-02T17:35:06","guid":{"rendered":"https:\/\/colgrad.direito.ufmg.br\/?p=10239"},"modified":"2024-05-02T14:35:06","modified_gmt":"2024-05-02T17:35:06","slug":"oportunidade-de-estagio-pedersoli-rocha-advogados-associados-3","status":"publish","type":"post","link":"https:\/\/colgrad.direito.ufmg.br\/?p=10239","title":{"rendered":"Oportunidade de Est\u00e1gio &#8211; Pedersoli Rocha Advogados Associados"},"content":{"rendered":"<p>Oportunidade de est\u00e1gio, conforme informa\u00e7\u00f5es abaixo.<\/p>\n<p>\u00b7 \u00a0 \u00a0 \u00a0 \u00a0 Requisito: Cursando Direito a partir do 7\u00ba per\u00edodo<\/p>\n<p>\u00b7 \u00a0 \u00a0 \u00a0 \u00a0 Atua\u00e7\u00e3o: \u00c1rea C\u00edvel<\/p>\n<p>\u00b7 \u00a0 \u00a0 \u00a0 \u00a0 Hor\u00e1rio: 13 \u00e0s 18h \u2013 Com bolsa aux\u00edlio + Transporte<\/p>\n<p>\u00b7 \u00a0 \u00a0 \u00a0 \u00a0 Interessados: Encaminhar curr\u00edculo para o e-mail = <a href=\"mailto:escritorio@advpraa.com.br\">escritorio@advpraa.com.br<\/a>\u00a0com t\u00edtulo \u201cVaga de Est\u00e1gio\u201d.<\/p>\n","protected":false},"excerpt":{"rendered":"<p>Oportunidade de est\u00e1gio, conforme informa\u00e7\u00f5es abaixo. \u00b7 \u00a0 \u00a0 \u00a0 \u00a0 Requisito: Cursando Direito a partir do 7\u00ba per\u00edodo \u00b7 \u00a0 \u00a0 \u00a0 \u00a0 Atua\u00e7\u00e3o: \u00c1rea C\u00edvel \u00b7 \u00a0 \u00a0&hellip;<\/p>\n","protected":false},"author":13,"featured_media":0,"comment_status":"closed","ping_status":"open","sticky":false,"template":"","format":"standard","meta":{"footnotes":""},"categories":[12],"tags":[],"class_list":["post-10239","post","type-post","status-publish","format-standard","hentry","category-oportunidades-estagio-npj"],"publishpress_future_action":{"enabled":false,"date":"2026-05-08 20:25:24","action":"change-status","newStatus":"draft","terms":[],"taxonomy":"category","extraData":[]},"publishpress_future_workflow_manual_trigger":{"enabledWorkflows":[]},"_links":{"self":[{"href":"https:\/\/colgrad.direito.ufmg.br\/index.php?rest_route=\/wp\/v2\/posts\/10239","targetHints":{"allow":["GET"]}}],"collection":[{"href":"https:\/\/colgrad.direito.ufmg.br\/index.php?rest_route=\/wp\/v2\/posts"}],"about":[{"href":"https:\/\/colgrad.direito.ufmg.br\/index.php?rest_route=\/wp\/v2\/types\/post"}],"author":[{"embeddable":true,"href":"https:\/\/colgrad.direito.ufmg.br\/index.php?rest_route=\/wp\/v2\/users\/13"}],"replies":[{"embeddable":true,"href":"https:\/\/colgrad.direito.ufmg.br\/index.php?rest_route=%2Fwp%2Fv2%2Fcomments&post=10239"}],"version-history":[{"count":1,"href":"https:\/\/colgrad.direito.ufmg.br\/index.php?rest_route=\/wp\/v2\/posts\/10239\/revisions"}],"predecessor-version":[{"id":10240,"href":"https:\/\/colgrad.direito.ufmg.br\/index.php?rest_route=\/wp\/v2\/posts\/10239\/revisions\/10240"}],"wp:attachment":[{"href":"https:\/\/colgrad.direito.ufmg.br\/index.php?rest_route=%2Fwp%2Fv2%2Fmedia&parent=10239"}],"wp:term":[{"taxonomy":"category","embeddable":true,"href":"https:\/\/colgrad.direito.ufmg.br\/index.php?rest_route=%2Fwp%2Fv2%2Fcategories&post=10239"},{"taxonomy":"post_tag","embeddable":true,"href":"https:\/\/colgrad.direito.ufmg.br\/index.php?rest_route=%2Fwp%2Fv2%2Ftags&post=10239"}],"curies":[{"name":"wp","href":"https:\/\/api.w.org\/{rel}","templated":true}]}}