{"id":10247,"date":"2024-05-03T10:41:15","date_gmt":"2024-05-03T13:41:15","guid":{"rendered":"https:\/\/colgrad.direito.ufmg.br\/?p=10247"},"modified":"2024-05-03T10:41:15","modified_gmt":"2024-05-03T13:41:15","slug":"oportunidade-de-estagio-tribunal-regional-eleitoral-de-mg-4","status":"publish","type":"post","link":"https:\/\/colgrad.direito.ufmg.br\/?p=10247","title":{"rendered":"Oportunidade de Est\u00e1gio &#8211; Tribunal Regional Eleitoral de MG"},"content":{"rendered":"<div id=\"divtagdefaultwrapper\" dir=\"ltr\" style=\"font-size: 12pt; font-family: Calibri,Helvetica,sans-serif,EmojiFont,'Apple Color Emoji','Segoe UI Emoji',NotoColorEmoji,'Segoe UI Symbol','Android Emoji',EmojiSymbols; color: #000000;\">\n<div><span style=\"font-size: 12pt; font-family: arial, helvetica, sans-serif;\">Informamos que foi publicado o Edital 11\/2024 de Concurso de Est\u00e1gio, para a\u00a0forma\u00e7\u00e3o de cadastro reserva para vagas de est\u00e1gio neste Tribunal Regional Eleitoral de MG, para os seguintes cursos:<\/span><\/div>\n<div><span style=\"font-family: arial, helvetica, sans-serif; font-size: 12pt;\"><b>Administra\u00e7\u00e3o<\/b><b>, Ci\u00eancias Cont\u00e1beis,\u00a0Ci\u00eancia da Computa\u00e7\u00e3o (e cursos afins),<\/b><b><span style=\"text-decoration: underline;\"><span style=\"color: #ff0000; text-decoration: underline;\">Direito (at\u00e9 o 7\u00ba per\u00edodo)<\/span><\/span>, Engenharia Civil e<\/b><b>\u00a0Publicidade e Propaganda<\/b><b>.<\/b><\/span><\/div>\n<div><\/div>\n<div><\/div>\n<div><span style=\"font-family: arial, helvetica, sans-serif; font-size: 12pt; color: #ff0000;\">O edital ter\u00e1 o prazo para inscri\u00e7\u00f5es de 26\/04\/2024 at\u00e9 09\/05\/2024.<\/span><\/div>\n<\/div>\n<div><\/div>\n<div><\/div>\n<div id=\"divtagdefaultwrapper\" dir=\"ltr\" style=\"font-size: 12pt; font-family: Calibri,Helvetica,sans-serif,EmojiFont,'Apple Color Emoji','Segoe UI Emoji',NotoColorEmoji,'Segoe UI Symbol','Android Emoji',EmojiSymbols; color: #000000;\">\n<div><span style=\"font-family: arial, helvetica, sans-serif; font-size: 12pt;\">Segue, em anexo, o cartaz para a devida divulga\u00e7\u00e3o.<\/span><\/div>\n<\/div>\n<div><\/div>\n<div><\/div>\n<div><a href=\"https:\/\/colgrad.direito.ufmg.br\/wp-content\/uploads\/2024\/05\/CARTAZ-DIVULGACAO-ESTAGIO-TRE-MG.pdf\">CARTAZ DIVULGA\u00c7\u00c3O EST\u00c1GIO TRE-MG<\/a><\/div>\n<div id=\"divtagdefaultwrapper\" dir=\"ltr\" style=\"font-size: 12pt; font-family: Calibri,Helvetica,sans-serif,EmojiFont,'Apple Color Emoji','Segoe UI Emoji',NotoColorEmoji,'Segoe UI Symbol','Android Emoji',EmojiSymbols; color: #000000;\">\n<div><span style=\"font-family: arial, helvetica, sans-serif; font-size: 12pt;\">\u00a0<\/span><\/div>\n<\/div>\n","protected":false},"excerpt":{"rendered":"<p>Informamos que foi publicado o Edital 11\/2024 de Concurso de Est\u00e1gio, para a\u00a0forma\u00e7\u00e3o de cadastro reserva para vagas de est\u00e1gio neste Tribunal Regional Eleitoral de MG, para os seguintes cursos:&hellip;<\/p>\n","protected":false},"author":13,"featured_media":0,"comment_status":"closed","ping_status":"open","sticky":false,"template":"","format":"standard","meta":{"footnotes":""},"categories":[12],"tags":[],"class_list":["post-10247","post","type-post","status-publish","format-standard","hentry","category-oportunidades-estagio-npj"],"publishpress_future_action":{"enabled":false,"date":"2026-05-09 02:13:15","action":"change-status","newStatus":"draft","terms":[],"taxonomy":"category","extraData":[]},"publishpress_future_workflow_manual_trigger":{"enabledWorkflows":[]},"_links":{"self":[{"href":"https:\/\/colgrad.direito.ufmg.br\/index.php?rest_route=\/wp\/v2\/posts\/10247","targetHints":{"allow":["GET"]}}],"collection":[{"href":"https:\/\/colgrad.direito.ufmg.br\/index.php?rest_route=\/wp\/v2\/posts"}],"about":[{"href":"https:\/\/colgrad.direito.ufmg.br\/index.php?rest_route=\/wp\/v2\/types\/post"}],"author":[{"embeddable":true,"href":"https:\/\/colgrad.direito.ufmg.br\/index.php?rest_route=\/wp\/v2\/users\/13"}],"replies":[{"embeddable":true,"href":"https:\/\/colgrad.direito.ufmg.br\/index.php?rest_route=%2Fwp%2Fv2%2Fcomments&post=10247"}],"version-history":[{"count":4,"href":"https:\/\/colgrad.direito.ufmg.br\/index.php?rest_route=\/wp\/v2\/posts\/10247\/revisions"}],"predecessor-version":[{"id":10252,"href":"https:\/\/colgrad.direito.ufmg.br\/index.php?rest_route=\/wp\/v2\/posts\/10247\/revisions\/10252"}],"wp:attachment":[{"href":"https:\/\/colgrad.direito.ufmg.br\/index.php?rest_route=%2Fwp%2Fv2%2Fmedia&parent=10247"}],"wp:term":[{"taxonomy":"category","embeddable":true,"href":"https:\/\/colgrad.direito.ufmg.br\/index.php?rest_route=%2Fwp%2Fv2%2Fcategories&post=10247"},{"taxonomy":"post_tag","embeddable":true,"href":"https:\/\/colgrad.direito.ufmg.br\/index.php?rest_route=%2Fwp%2Fv2%2Ftags&post=10247"}],"curies":[{"name":"wp","href":"https:\/\/api.w.org\/{rel}","templated":true}]}}