{"id":10275,"date":"2024-05-06T16:05:28","date_gmt":"2024-05-06T19:05:28","guid":{"rendered":"https:\/\/colgrad.direito.ufmg.br\/?p=10275"},"modified":"2024-05-06T16:05:28","modified_gmt":"2024-05-06T19:05:28","slug":"oportunidade-de-estagio-advocacia-geral-da-uniao","status":"publish","type":"post","link":"https:\/\/colgrad.direito.ufmg.br\/?p=10275","title":{"rendered":"Oportunidade de Est\u00e1gio &#8211; Advocacia Geral da Uni\u00e3o"},"content":{"rendered":"<div dir=\"ltr\">\n<div style=\"font-size: 12px; font-family: 'Lucida Grande',Verdana,Arial,sans-serif; color: #444444;\">Estamos com o Edital do processo seletivo para est\u00e1gio n\u00e3o obrigat\u00f3rio na <b>Advocacia-Geral da Uni\u00e3o<\/b> em aberto.<\/div>\n<div><\/div>\n<div style=\"font-size: 12px; font-family: 'Lucida Grande',Verdana,Arial,sans-serif; color: #444444;\">Seguem os dados do processo:<\/div>\n<div style=\"font-size: 12px; font-family: 'Lucida Grande',Verdana,Arial,sans-serif; color: #444444;\"><\/div>\n<div style=\"font-size: 12px; font-family: 'Lucida Grande',Verdana,Arial,sans-serif; color: #444444;\"><span style=\"color: #2b2e2f;\">Inscri\u00e7\u00f5es:\u00a0<\/span><strong style=\"color: #2b2e2f;\">25\/04\/2024 a 10\/05\/2024<\/strong><br style=\"color: #2b2e2f;\" \/>Prova online:\u00a0\u00a0<strong>25\/04\/2024 a 10\/05\/2024<\/strong><br \/>\n<span style=\"color: #2b2e2f;\">Publica\u00e7\u00e3o dos resultados finais:\u00a0<\/span><strong style=\"color: #2b2e2f;\">12\/06\/2024<\/strong><br style=\"color: #2b2e2f;\" \/>O processo est\u00e1 dispon\u00edvel em:\u00a0<a href=\"https:\/\/pp.ciee.org.br\/vitrine\/12151\/detalhe\" target=\"_blank\" rel=\"noopener noreferrer\">https:\/\/pp.ciee.org.br\/vitrine\/12151\/detalhe<\/a>\u00a0<br style=\"color: #2b2e2f;\" \/>\u00a0<br style=\"color: #2b2e2f;\" \/>Edital do processo e cartaz\u00a0em anexo.<\/div>\n<\/div>\n<div><\/div>\n<div><a href=\"https:\/\/colgrad.direito.ufmg.br\/wp-content\/uploads\/2024\/05\/CARTAZ-Advocacia-Geral-da-Uniao-AGU-Edital-01_2024.pdf\">CARTAZ &#8211; Advocacia Geral da Uni\u00e3o &#8211; AGU &#8211; Edital 01_2024<\/a><\/div>\n<div><\/div>\n<div><a href=\"https:\/\/colgrad.direito.ufmg.br\/wp-content\/uploads\/2024\/05\/Edital-01-2024-.pdf\">Edital 01-2024<\/a><\/div>\n","protected":false},"excerpt":{"rendered":"<p>Estamos com o Edital do processo seletivo para est\u00e1gio n\u00e3o obrigat\u00f3rio na Advocacia-Geral da Uni\u00e3o em aberto. Seguem os dados do processo: Inscri\u00e7\u00f5es:\u00a025\/04\/2024 a 10\/05\/2024Prova online:\u00a0\u00a025\/04\/2024 a 10\/05\/2024 Publica\u00e7\u00e3o dos&hellip;<\/p>\n","protected":false},"author":13,"featured_media":0,"comment_status":"closed","ping_status":"open","sticky":false,"template":"","format":"standard","meta":{"footnotes":""},"categories":[12],"tags":[],"class_list":["post-10275","post","type-post","status-publish","format-standard","hentry","category-oportunidades-estagio-npj"],"publishpress_future_action":{"enabled":false,"date":"2026-05-07 07:04:00","action":"change-status","newStatus":"draft","terms":[],"taxonomy":"category","extraData":[]},"publishpress_future_workflow_manual_trigger":{"enabledWorkflows":[]},"_links":{"self":[{"href":"https:\/\/colgrad.direito.ufmg.br\/index.php?rest_route=\/wp\/v2\/posts\/10275","targetHints":{"allow":["GET"]}}],"collection":[{"href":"https:\/\/colgrad.direito.ufmg.br\/index.php?rest_route=\/wp\/v2\/posts"}],"about":[{"href":"https:\/\/colgrad.direito.ufmg.br\/index.php?rest_route=\/wp\/v2\/types\/post"}],"author":[{"embeddable":true,"href":"https:\/\/colgrad.direito.ufmg.br\/index.php?rest_route=\/wp\/v2\/users\/13"}],"replies":[{"embeddable":true,"href":"https:\/\/colgrad.direito.ufmg.br\/index.php?rest_route=%2Fwp%2Fv2%2Fcomments&post=10275"}],"version-history":[{"count":1,"href":"https:\/\/colgrad.direito.ufmg.br\/index.php?rest_route=\/wp\/v2\/posts\/10275\/revisions"}],"predecessor-version":[{"id":10278,"href":"https:\/\/colgrad.direito.ufmg.br\/index.php?rest_route=\/wp\/v2\/posts\/10275\/revisions\/10278"}],"wp:attachment":[{"href":"https:\/\/colgrad.direito.ufmg.br\/index.php?rest_route=%2Fwp%2Fv2%2Fmedia&parent=10275"}],"wp:term":[{"taxonomy":"category","embeddable":true,"href":"https:\/\/colgrad.direito.ufmg.br\/index.php?rest_route=%2Fwp%2Fv2%2Fcategories&post=10275"},{"taxonomy":"post_tag","embeddable":true,"href":"https:\/\/colgrad.direito.ufmg.br\/index.php?rest_route=%2Fwp%2Fv2%2Ftags&post=10275"}],"curies":[{"name":"wp","href":"https:\/\/api.w.org\/{rel}","templated":true}]}}