{"id":10294,"date":"2024-05-08T11:36:41","date_gmt":"2024-05-08T14:36:41","guid":{"rendered":"https:\/\/colgrad.direito.ufmg.br\/?p=10294"},"modified":"2024-05-08T11:36:41","modified_gmt":"2024-05-08T14:36:41","slug":"oportunidade-de-estagio-gt-group-e-vida-biotecnologia-2","status":"publish","type":"post","link":"https:\/\/colgrad.direito.ufmg.br\/?p=10294","title":{"rendered":"Oportunidade de Est\u00e1gio &#8211;  GT Group e Vida Biotecnologia"},"content":{"rendered":"<p><img loading=\"lazy\" decoding=\"async\" class=\"alignnone size-large wp-image-10295\" src=\"https:\/\/colgrad.direito.ufmg.br\/wp-content\/uploads\/2024\/05\/Card-para-divulgacao-Estagio-em-direito-1024x1024.jpeg\" alt=\"\" width=\"900\" height=\"900\" srcset=\"https:\/\/colgrad.direito.ufmg.br\/wp-content\/uploads\/2024\/05\/Card-para-divulgacao-Estagio-em-direito-1024x1024.jpeg 1024w, https:\/\/colgrad.direito.ufmg.br\/wp-content\/uploads\/2024\/05\/Card-para-divulgacao-Estagio-em-direito-300x300.jpeg 300w, https:\/\/colgrad.direito.ufmg.br\/wp-content\/uploads\/2024\/05\/Card-para-divulgacao-Estagio-em-direito-150x150.jpeg 150w, https:\/\/colgrad.direito.ufmg.br\/wp-content\/uploads\/2024\/05\/Card-para-divulgacao-Estagio-em-direito-768x768.jpeg 768w, https:\/\/colgrad.direito.ufmg.br\/wp-content\/uploads\/2024\/05\/Card-para-divulgacao-Estagio-em-direito.jpeg 1080w\" sizes=\"auto, (max-width: 900px) 100vw, 900px\" \/><\/p>\n<p>A GT Group e Vida Biotecnologia est\u00e3o com processo seletivo aberto para contrata\u00e7\u00e3o de Estagi\u00e1rio (a) de Direito. Atua\u00e7\u00e3o consultiva e contenciosa nas \u00e1reas do Direito Empresarial, Trabalhista, Contratual e C\u00edvel.<\/p>\n<p>Requisitos:<br \/>\nCursando 8\u00ba ou 9\u00ba per\u00edodo do curso de Direito.<br \/>\nViv\u00eancia em escrit\u00f3rios de advocacia ser\u00e1 um diferencial.<\/p>\n<p>Hor\u00e1rio do est\u00e1gio: Iremos avaliar conforme hor\u00e1rio de aula do estudante.<\/p>\n<p>Formato h\u00edbrido: 2 vezes na empresa (Bairro Olhos D\u2019\u00c1gua em BH) e 3 em home office.<\/p>\n<p>Interessados, encaminhar curr\u00edculo para\u00a0<a href=\"mailto:rh@gtgroup.net.br\">rh@gtgroup.net.br<\/a>\u00a0ou\u00a0<a href=\"mailto:juridico@gtgroup.net.br\">juridico@gtgroup.net.br<\/a><\/p>\n<p>&nbsp;<\/p>\n","protected":false},"excerpt":{"rendered":"<p>A GT Group e Vida Biotecnologia est\u00e3o com processo seletivo aberto para contrata\u00e7\u00e3o de Estagi\u00e1rio (a) de Direito. Atua\u00e7\u00e3o consultiva e contenciosa nas \u00e1reas do Direito Empresarial, Trabalhista, Contratual e&hellip;<\/p>\n","protected":false},"author":13,"featured_media":0,"comment_status":"closed","ping_status":"open","sticky":false,"template":"","format":"standard","meta":{"footnotes":""},"categories":[12],"tags":[],"class_list":["post-10294","post","type-post","status-publish","format-standard","hentry","category-oportunidades-estagio-npj"],"publishpress_future_action":{"enabled":false,"date":"2026-05-06 09:40:16","action":"change-status","newStatus":"draft","terms":[],"taxonomy":"category","extraData":[]},"publishpress_future_workflow_manual_trigger":{"enabledWorkflows":[]},"_links":{"self":[{"href":"https:\/\/colgrad.direito.ufmg.br\/index.php?rest_route=\/wp\/v2\/posts\/10294","targetHints":{"allow":["GET"]}}],"collection":[{"href":"https:\/\/colgrad.direito.ufmg.br\/index.php?rest_route=\/wp\/v2\/posts"}],"about":[{"href":"https:\/\/colgrad.direito.ufmg.br\/index.php?rest_route=\/wp\/v2\/types\/post"}],"author":[{"embeddable":true,"href":"https:\/\/colgrad.direito.ufmg.br\/index.php?rest_route=\/wp\/v2\/users\/13"}],"replies":[{"embeddable":true,"href":"https:\/\/colgrad.direito.ufmg.br\/index.php?rest_route=%2Fwp%2Fv2%2Fcomments&post=10294"}],"version-history":[{"count":1,"href":"https:\/\/colgrad.direito.ufmg.br\/index.php?rest_route=\/wp\/v2\/posts\/10294\/revisions"}],"predecessor-version":[{"id":10296,"href":"https:\/\/colgrad.direito.ufmg.br\/index.php?rest_route=\/wp\/v2\/posts\/10294\/revisions\/10296"}],"wp:attachment":[{"href":"https:\/\/colgrad.direito.ufmg.br\/index.php?rest_route=%2Fwp%2Fv2%2Fmedia&parent=10294"}],"wp:term":[{"taxonomy":"category","embeddable":true,"href":"https:\/\/colgrad.direito.ufmg.br\/index.php?rest_route=%2Fwp%2Fv2%2Fcategories&post=10294"},{"taxonomy":"post_tag","embeddable":true,"href":"https:\/\/colgrad.direito.ufmg.br\/index.php?rest_route=%2Fwp%2Fv2%2Ftags&post=10294"}],"curies":[{"name":"wp","href":"https:\/\/api.w.org\/{rel}","templated":true}]}}