{"id":10306,"date":"2024-05-09T10:09:26","date_gmt":"2024-05-09T13:09:26","guid":{"rendered":"https:\/\/colgrad.direito.ufmg.br\/?p=10306"},"modified":"2024-05-09T10:09:26","modified_gmt":"2024-05-09T13:09:26","slug":"oportunidade-de-estagio-camilo-sociedade-de-advocacia","status":"publish","type":"post","link":"https:\/\/colgrad.direito.ufmg.br\/?p=10306","title":{"rendered":"Oportunidade de Est\u00e1gio &#8211; Camilo Sociedade de Advocacia"},"content":{"rendered":"<div class=\"moz-forward-container\">\n<p><span style=\"font-family: courier new, courier, monospace; font-size: 12pt;\">Oportunidade de Est\u00e1gio:<br \/>\n<\/span><\/p>\n<p><span style=\"font-family: courier new, courier, monospace; font-size: 12pt;\">&#8211; Camilo Sociedade de Advocacia.<\/span><\/p>\n<p><span style=\"font-family: courier new, courier, monospace; font-size: 12pt;\">&#8211; Av. Augusto de Lima, n\u00famero 1800, Conjunto 1707\/1708<\/span><\/p>\n<p><span style=\"font-family: courier new, courier, monospace; font-size: 12pt;\">&#8211; \u00c1reas de atua\u00e7\u00e3o: Direito Civil, Empresarial e Administrativo.<\/span><\/p>\n<p><span style=\"font-family: courier new, courier, monospace; font-size: 12pt;\">&#8211; Cargo: Estagi\u00e1rio a partir do 7\u00ba per\u00edodo.<\/span><\/p>\n<p><span style=\"font-family: courier new, courier, monospace; font-size: 12pt;\">&#8211; Carga hor\u00e1ria e bolsa: a combinar.<\/span><\/p>\n<p><span style=\"font-family: courier new, courier, monospace; font-size: 12pt;\">&#8211; Fun\u00e7\u00f5es: an\u00e1lise de autos, pesquisa de doutrina e jurisprud\u00eancia, reda\u00e7\u00e3o de peti\u00e7\u00f5es.<\/span><\/p>\n<p><span style=\"font-family: courier new, courier, monospace; font-size: 12pt;\">&#8211; Forma de sele\u00e7\u00e3o: an\u00e1lise de curr\u00edculos a serem enviados para <a class=\"moz-txt-link-abbreviated moz-txt-link-freetext\" href=\"mailto:tiago@camiloadvocacia.com\">tiago@camiloadvocacia.com<\/a>, seguida de entrevista em escrit\u00f3rio<\/span>.<\/p>\n<\/div>\n","protected":false},"excerpt":{"rendered":"<p>Oportunidade de Est\u00e1gio: &#8211; Camilo Sociedade de Advocacia. &#8211; Av. Augusto de Lima, n\u00famero 1800, Conjunto 1707\/1708 &#8211; \u00c1reas de atua\u00e7\u00e3o: Direito Civil, Empresarial e Administrativo. &#8211; Cargo: Estagi\u00e1rio a&hellip;<\/p>\n","protected":false},"author":13,"featured_media":0,"comment_status":"closed","ping_status":"open","sticky":false,"template":"","format":"standard","meta":{"footnotes":""},"categories":[12],"tags":[],"class_list":["post-10306","post","type-post","status-publish","format-standard","hentry","category-oportunidades-estagio-npj"],"publishpress_future_action":{"enabled":false,"date":"2026-05-06 09:40:15","action":"change-status","newStatus":"draft","terms":[],"taxonomy":"category","extraData":[]},"publishpress_future_workflow_manual_trigger":{"enabledWorkflows":[]},"_links":{"self":[{"href":"https:\/\/colgrad.direito.ufmg.br\/index.php?rest_route=\/wp\/v2\/posts\/10306","targetHints":{"allow":["GET"]}}],"collection":[{"href":"https:\/\/colgrad.direito.ufmg.br\/index.php?rest_route=\/wp\/v2\/posts"}],"about":[{"href":"https:\/\/colgrad.direito.ufmg.br\/index.php?rest_route=\/wp\/v2\/types\/post"}],"author":[{"embeddable":true,"href":"https:\/\/colgrad.direito.ufmg.br\/index.php?rest_route=\/wp\/v2\/users\/13"}],"replies":[{"embeddable":true,"href":"https:\/\/colgrad.direito.ufmg.br\/index.php?rest_route=%2Fwp%2Fv2%2Fcomments&post=10306"}],"version-history":[{"count":2,"href":"https:\/\/colgrad.direito.ufmg.br\/index.php?rest_route=\/wp\/v2\/posts\/10306\/revisions"}],"predecessor-version":[{"id":10308,"href":"https:\/\/colgrad.direito.ufmg.br\/index.php?rest_route=\/wp\/v2\/posts\/10306\/revisions\/10308"}],"wp:attachment":[{"href":"https:\/\/colgrad.direito.ufmg.br\/index.php?rest_route=%2Fwp%2Fv2%2Fmedia&parent=10306"}],"wp:term":[{"taxonomy":"category","embeddable":true,"href":"https:\/\/colgrad.direito.ufmg.br\/index.php?rest_route=%2Fwp%2Fv2%2Fcategories&post=10306"},{"taxonomy":"post_tag","embeddable":true,"href":"https:\/\/colgrad.direito.ufmg.br\/index.php?rest_route=%2Fwp%2Fv2%2Ftags&post=10306"}],"curies":[{"name":"wp","href":"https:\/\/api.w.org\/{rel}","templated":true}]}}