{"id":10363,"date":"2024-05-21T11:37:39","date_gmt":"2024-05-21T14:37:39","guid":{"rendered":"https:\/\/colgrad.direito.ufmg.br\/?p=10363"},"modified":"2024-05-21T11:37:39","modified_gmt":"2024-05-21T14:37:39","slug":"oportunidade-de-estagio-na-area-trabalhista-escritorio-andrade-silva-advogados","status":"publish","type":"post","link":"https:\/\/colgrad.direito.ufmg.br\/?p=10363","title":{"rendered":"Oportunidade de Est\u00e1gio na \u00c1rea Trabalhista &#8211; Escrit\u00f3rio Andrade Silva Advogados"},"content":{"rendered":"<p><strong><u>Se voc\u00ea \u00e9 estudante do 6\u00ba ao 9\u00ba per\u00edodo de DIREITO em BH e se identifica com o nosso manifesto (Manifesto \u2014 Andrade Silva Advogados <a href=\"https:\/\/lnkd.in\/dtczyfC4\">https:\/\/lnkd.in\/dtczyfC4<\/a>), envie seu curr\u00edculo para contato@andradesilva.com.br<\/u><\/strong><\/p>\n<p><strong><u>Ficou interessado e\/ou conhece algu\u00e9m com o perfil para a vaga? Compartilhe!<\/u><\/strong><\/p>\n<p><a href=\"https:\/\/colgrad.direito.ufmg.br\/wp-content\/uploads\/2024\/05\/Andrade-Silva-Advogados.pdf\">Andrade Silva Advogados<\/a><\/p>\n","protected":false},"excerpt":{"rendered":"<p>Se voc\u00ea \u00e9 estudante do 6\u00ba ao 9\u00ba per\u00edodo de DIREITO em BH e se identifica com o nosso manifesto (Manifesto \u2014 Andrade Silva Advogados https:\/\/lnkd.in\/dtczyfC4), envie seu curr\u00edculo para&hellip;<\/p>\n","protected":false},"author":13,"featured_media":0,"comment_status":"closed","ping_status":"open","sticky":false,"template":"","format":"standard","meta":{"footnotes":""},"categories":[12],"tags":[],"class_list":["post-10363","post","type-post","status-publish","format-standard","hentry","category-oportunidades-estagio-npj"],"publishpress_future_action":{"enabled":false,"date":"2026-05-05 12:20:28","action":"change-status","newStatus":"draft","terms":[],"taxonomy":"category","extraData":[]},"publishpress_future_workflow_manual_trigger":{"enabledWorkflows":[]},"_links":{"self":[{"href":"https:\/\/colgrad.direito.ufmg.br\/index.php?rest_route=\/wp\/v2\/posts\/10363","targetHints":{"allow":["GET"]}}],"collection":[{"href":"https:\/\/colgrad.direito.ufmg.br\/index.php?rest_route=\/wp\/v2\/posts"}],"about":[{"href":"https:\/\/colgrad.direito.ufmg.br\/index.php?rest_route=\/wp\/v2\/types\/post"}],"author":[{"embeddable":true,"href":"https:\/\/colgrad.direito.ufmg.br\/index.php?rest_route=\/wp\/v2\/users\/13"}],"replies":[{"embeddable":true,"href":"https:\/\/colgrad.direito.ufmg.br\/index.php?rest_route=%2Fwp%2Fv2%2Fcomments&post=10363"}],"version-history":[{"count":2,"href":"https:\/\/colgrad.direito.ufmg.br\/index.php?rest_route=\/wp\/v2\/posts\/10363\/revisions"}],"predecessor-version":[{"id":10366,"href":"https:\/\/colgrad.direito.ufmg.br\/index.php?rest_route=\/wp\/v2\/posts\/10363\/revisions\/10366"}],"wp:attachment":[{"href":"https:\/\/colgrad.direito.ufmg.br\/index.php?rest_route=%2Fwp%2Fv2%2Fmedia&parent=10363"}],"wp:term":[{"taxonomy":"category","embeddable":true,"href":"https:\/\/colgrad.direito.ufmg.br\/index.php?rest_route=%2Fwp%2Fv2%2Fcategories&post=10363"},{"taxonomy":"post_tag","embeddable":true,"href":"https:\/\/colgrad.direito.ufmg.br\/index.php?rest_route=%2Fwp%2Fv2%2Ftags&post=10363"}],"curies":[{"name":"wp","href":"https:\/\/api.w.org\/{rel}","templated":true}]}}