{"id":10368,"date":"2024-05-22T09:04:45","date_gmt":"2024-05-22T12:04:45","guid":{"rendered":"https:\/\/colgrad.direito.ufmg.br\/?p=10368"},"modified":"2024-05-22T09:04:45","modified_gmt":"2024-05-22T12:04:45","slug":"oportunidade-de-estagio-secretaria-de-estado-de-saude","status":"publish","type":"post","link":"https:\/\/colgrad.direito.ufmg.br\/?p=10368","title":{"rendered":"Oportunidade de Est\u00e1gio &#8211; Secretaria de Estado de Sa\u00fade"},"content":{"rendered":"<p><span style=\"color: #44546a; font-family: Calibri,Verdana;\">A AGIEL &#8211; Ag\u00eancia Virtual de Est\u00e1gios, em parceria com <b>SECRETARIA DE ESTADO DE SA\u00daDE <\/b>, est\u00e1 disponibilizando vagas de est\u00e1gio para os estudantes que residem em <b>Belo Horizonte, Contagem, Lagoa Santa, Ribeir\u00e3o das Neves, Sabar\u00e1, Santa Luzia e S\u00e3o Jos\u00e9 da Lapa<\/b> e cursam <b>Direito<\/b>. <\/span><\/p>\n<p><span style=\"color: #44546a; font-family: Calibri,Verdana;\">Encaminho anexo cartaz da vaga:<\/p>\n<p><\/span><\/p>\n<p><img loading=\"lazy\" decoding=\"async\" class=\"alignnone size-large wp-image-10369\" src=\"https:\/\/colgrad.direito.ufmg.br\/wp-content\/uploads\/2024\/05\/MG2024000621-576x1024.png\" alt=\"\" width=\"576\" height=\"1024\" srcset=\"https:\/\/colgrad.direito.ufmg.br\/wp-content\/uploads\/2024\/05\/MG2024000621-576x1024.png 576w, https:\/\/colgrad.direito.ufmg.br\/wp-content\/uploads\/2024\/05\/MG2024000621-169x300.png 169w, https:\/\/colgrad.direito.ufmg.br\/wp-content\/uploads\/2024\/05\/MG2024000621-768x1365.png 768w, https:\/\/colgrad.direito.ufmg.br\/wp-content\/uploads\/2024\/05\/MG2024000621-864x1536.png 864w, https:\/\/colgrad.direito.ufmg.br\/wp-content\/uploads\/2024\/05\/MG2024000621.png 888w\" sizes=\"auto, (max-width: 576px) 100vw, 576px\" \/><\/p>\n","protected":false},"excerpt":{"rendered":"<p>A AGIEL &#8211; Ag\u00eancia Virtual de Est\u00e1gios, em parceria com SECRETARIA DE ESTADO DE SA\u00daDE , est\u00e1 disponibilizando vagas de est\u00e1gio para os estudantes que residem em Belo Horizonte, Contagem,&hellip;<\/p>\n","protected":false},"author":13,"featured_media":0,"comment_status":"closed","ping_status":"open","sticky":false,"template":"","format":"standard","meta":{"footnotes":""},"categories":[12],"tags":[],"class_list":["post-10368","post","type-post","status-publish","format-standard","hentry","category-oportunidades-estagio-npj"],"publishpress_future_action":{"enabled":false,"date":"2026-05-05 14:45:21","action":"change-status","newStatus":"draft","terms":[],"taxonomy":"category","extraData":[]},"publishpress_future_workflow_manual_trigger":{"enabledWorkflows":[]},"_links":{"self":[{"href":"https:\/\/colgrad.direito.ufmg.br\/index.php?rest_route=\/wp\/v2\/posts\/10368","targetHints":{"allow":["GET"]}}],"collection":[{"href":"https:\/\/colgrad.direito.ufmg.br\/index.php?rest_route=\/wp\/v2\/posts"}],"about":[{"href":"https:\/\/colgrad.direito.ufmg.br\/index.php?rest_route=\/wp\/v2\/types\/post"}],"author":[{"embeddable":true,"href":"https:\/\/colgrad.direito.ufmg.br\/index.php?rest_route=\/wp\/v2\/users\/13"}],"replies":[{"embeddable":true,"href":"https:\/\/colgrad.direito.ufmg.br\/index.php?rest_route=%2Fwp%2Fv2%2Fcomments&post=10368"}],"version-history":[{"count":1,"href":"https:\/\/colgrad.direito.ufmg.br\/index.php?rest_route=\/wp\/v2\/posts\/10368\/revisions"}],"predecessor-version":[{"id":10370,"href":"https:\/\/colgrad.direito.ufmg.br\/index.php?rest_route=\/wp\/v2\/posts\/10368\/revisions\/10370"}],"wp:attachment":[{"href":"https:\/\/colgrad.direito.ufmg.br\/index.php?rest_route=%2Fwp%2Fv2%2Fmedia&parent=10368"}],"wp:term":[{"taxonomy":"category","embeddable":true,"href":"https:\/\/colgrad.direito.ufmg.br\/index.php?rest_route=%2Fwp%2Fv2%2Fcategories&post=10368"},{"taxonomy":"post_tag","embeddable":true,"href":"https:\/\/colgrad.direito.ufmg.br\/index.php?rest_route=%2Fwp%2Fv2%2Ftags&post=10368"}],"curies":[{"name":"wp","href":"https:\/\/api.w.org\/{rel}","templated":true}]}}