{"id":10379,"date":"2024-05-24T14:45:15","date_gmt":"2024-05-24T17:45:15","guid":{"rendered":"https:\/\/colgrad.direito.ufmg.br\/?p=10379"},"modified":"2024-05-24T14:45:15","modified_gmt":"2024-05-24T17:45:15","slug":"oportunidade-de-estagio-defensoria-publica-do-estado-de-minas-gerais-unidade-ribeirao-das-neves","status":"publish","type":"post","link":"https:\/\/colgrad.direito.ufmg.br\/?p=10379","title":{"rendered":"Oportunidade de Est\u00e1gio &#8211; Defensoria P\u00fablica do Estado de Minas Gerais &#8211; Unidade Ribeir\u00e3o das Neves"},"content":{"rendered":"<div dir=\"ltr\">\n<div>\n<div id=\"gmail-info-estagio-title\" class=\"gmail-col-sm-12\" style=\"box-sizing: border-box; font-size: 15px; max-width: 100%; font-family: Poppins,sans-serif; width: 1140px; color: #666666;\">\n<h2>Ribeir\u00e3o das Neves &#8211; Edital 02\/2024 &#8211; Direito<\/h2>\n<\/div>\n<div class=\"gmail-col-md-8 gmail-mb-5 gmail-px-5 gmail-pl-0\" style=\"box-sizing: border-box; font-size: 15px; max-width: 100%; font-family: Poppins,sans-serif; width: 760px; color: #666666;\">\n<div id=\"gmail-info-estagio\">\n<p class=\"gmail-p-3\" style=\"box-sizing: border-box; padding-top: 1px; padding-left: 1px; margin: 0px 0px 30px; padding-right: 1px;\">Coordenadoria de Est\u00e1gio e Servi\u00e7o Volunt\u00e1rio | CESV DPMG Unidade Ribeir\u00e3o das Neves Abertura de PROCESSO SELETIVO SIMPLIFICADO DE ESTAGI\u00c1RIOS ACAD\u00caMICOS DE GRADUA\u00c7\u00c3O EM DIREITO | Programa de Est\u00e1gio N\u00e3o Obrigat\u00f3rio Tipo: An\u00e1lise Curricular | SEI: 9990000001.005368\/2024-26<\/p>\n<div class=\"gmail-block-info\">\n<p class=\"gmail-p-3\" style=\"box-sizing: border-box; background: #f1efe8; padding-top: 1px; padding-left: 1px; margin: 0px; padding-right: 1px;\"><span style=\"box-sizing: border-box; font-weight: bold;\">MUNIC\u00cdPIO :<\/span>\u00a0Ribeir\u00e3o das Neves<\/p>\n<p class=\"gmail-p-3\" style=\"box-sizing: border-box; padding-top: 1px; padding-left: 1px; margin: 0px; padding-right: 1px;\"><span style=\"box-sizing: border-box; font-weight: bold;\">ANO PSS:<\/span>\u00a02024<\/p>\n<p class=\"gmail-p-3\" style=\"box-sizing: border-box; background: #f1efe8; padding-top: 1px; padding-left: 1px; margin: 0px; padding-right: 1px;\"><span style=\"box-sizing: border-box; font-weight: bold;\">DATA ABERTURA:<\/span>\u00a023\/05\/2024<\/p>\n<p class=\"gmail-p-3\" style=\"box-sizing: border-box; padding-top: 1px; padding-left: 1px; margin: 0px; padding-right: 1px;\"><span style=\"box-sizing: border-box; font-weight: bold;\">DATA INSCRI\u00c7\u00c3O:<\/span>\u00a027\/05\/2024<\/p>\n<p class=\"gmail-p-3\" style=\"box-sizing: border-box; background: #f1efe8; padding-top: 1px; padding-left: 1px; margin: 0px; padding-right: 1px;\"><span style=\"box-sizing: border-box; font-weight: bold;\">FINAL INSCRI\u00c7\u00c3O:<\/span>\u00a021\/06\/2024<\/p>\n<\/div>\n<\/div>\n<div dir=\"ltr\">\n<div><\/div>\n<div><\/div>\n<div><span style=\"color: #000000; font-size: 12pt;\"><strong>Segue anexo Edital<\/strong><\/span><\/div>\n<div><\/div>\n<\/div>\n<\/div>\n<\/div>\n<div><a href=\"https:\/\/colgrad.direito.ufmg.br\/wp-content\/uploads\/2024\/05\/ESTAGIO_Edital_Direito_PSS_2024_Ribeiro_das_Neves.pdf\">ESTAGIO_Edital_Direito_PSS_2024_Ribeiro_das_Neves<\/a><\/div>\n<div>\n<div class=\"gmail-col-md-8 gmail-mb-5 gmail-px-5 gmail-pl-0\" style=\"box-sizing: border-box; font-size: 15px; max-width: 100%; font-family: Poppins,sans-serif; width: 760px; color: #666666;\">\n<div><\/div>\n<\/div>\n<\/div>\n<\/div>\n","protected":false},"excerpt":{"rendered":"<p>Ribeir\u00e3o das Neves &#8211; Edital 02\/2024 &#8211; Direito Coordenadoria de Est\u00e1gio e Servi\u00e7o Volunt\u00e1rio | CESV DPMG Unidade Ribeir\u00e3o das Neves Abertura de PROCESSO SELETIVO SIMPLIFICADO DE ESTAGI\u00c1RIOS ACAD\u00caMICOS DE&hellip;<\/p>\n","protected":false},"author":13,"featured_media":0,"comment_status":"closed","ping_status":"open","sticky":false,"template":"","format":"standard","meta":{"footnotes":""},"categories":[12],"tags":[],"class_list":["post-10379","post","type-post","status-publish","format-standard","hentry","category-oportunidades-estagio-npj"],"publishpress_future_action":{"enabled":false,"date":"2026-05-04 15:25:36","action":"change-status","newStatus":"draft","terms":[],"taxonomy":"category","extraData":[]},"publishpress_future_workflow_manual_trigger":{"enabledWorkflows":[]},"_links":{"self":[{"href":"https:\/\/colgrad.direito.ufmg.br\/index.php?rest_route=\/wp\/v2\/posts\/10379","targetHints":{"allow":["GET"]}}],"collection":[{"href":"https:\/\/colgrad.direito.ufmg.br\/index.php?rest_route=\/wp\/v2\/posts"}],"about":[{"href":"https:\/\/colgrad.direito.ufmg.br\/index.php?rest_route=\/wp\/v2\/types\/post"}],"author":[{"embeddable":true,"href":"https:\/\/colgrad.direito.ufmg.br\/index.php?rest_route=\/wp\/v2\/users\/13"}],"replies":[{"embeddable":true,"href":"https:\/\/colgrad.direito.ufmg.br\/index.php?rest_route=%2Fwp%2Fv2%2Fcomments&post=10379"}],"version-history":[{"count":1,"href":"https:\/\/colgrad.direito.ufmg.br\/index.php?rest_route=\/wp\/v2\/posts\/10379\/revisions"}],"predecessor-version":[{"id":10381,"href":"https:\/\/colgrad.direito.ufmg.br\/index.php?rest_route=\/wp\/v2\/posts\/10379\/revisions\/10381"}],"wp:attachment":[{"href":"https:\/\/colgrad.direito.ufmg.br\/index.php?rest_route=%2Fwp%2Fv2%2Fmedia&parent=10379"}],"wp:term":[{"taxonomy":"category","embeddable":true,"href":"https:\/\/colgrad.direito.ufmg.br\/index.php?rest_route=%2Fwp%2Fv2%2Fcategories&post=10379"},{"taxonomy":"post_tag","embeddable":true,"href":"https:\/\/colgrad.direito.ufmg.br\/index.php?rest_route=%2Fwp%2Fv2%2Ftags&post=10379"}],"curies":[{"name":"wp","href":"https:\/\/api.w.org\/{rel}","templated":true}]}}