{"id":10391,"date":"2024-05-27T13:45:32","date_gmt":"2024-05-27T16:45:32","guid":{"rendered":"https:\/\/colgrad.direito.ufmg.br\/?p=10391"},"modified":"2024-05-27T13:45:32","modified_gmt":"2024-05-27T16:45:32","slug":"oportunidade-de-estagio-sudecap-3","status":"publish","type":"post","link":"https:\/\/colgrad.direito.ufmg.br\/?p=10391","title":{"rendered":"Oportunidade de Est\u00e1gio &#8211; Sudecap"},"content":{"rendered":"<div class=\"gmail_quote\">\n<blockquote class=\"gmail_quote\" style=\"padding-left: 1ex; border-left: #cccccc 1px solid; margin: 0px 0px 0px 0.8ex;\">\n<div>\n<p><span style=\"font-family: Times New Roman; font-size: 12pt;\">A Superintend\u00eancia de Desenvolvimento da Capital &#8211; SUDECAP est\u00e1 com 1 (uma) vaga de est\u00e1gio em aberto para o curso de Direito.<\/span><\/p>\n<p><span style=\"font-family: Times New Roman; font-size: 12pt;\">\u00a0<\/span><br \/>\n<span style=\"font-family: Times New Roman; font-size: 12pt;\"><b>Dados do est\u00e1gio:<\/b><\/span><br \/>\n<span style=\"font-size: 12pt;\"><span style=\"font-family: Times New Roman;\"><b>Local do est\u00e1gio:<\/b><\/span><span style=\"font-family: Times New Roman;\">\u00a0Rua dos Guajajaras, 1107, bairro Lourdes.<\/span><\/span><br \/>\n<span style=\"font-size: 12pt;\"><span style=\"font-family: Times New Roman;\"><b>Hor\u00e1rio:<\/b><\/span><span style=\"font-family: Times New Roman;\">\u00a0de 2\u00aa a 6\u00aa, de 14 \u00e0s 18hs.\u00a0<\/span><\/span><br \/>\n<span style=\"font-size: 12pt;\"><span style=\"font-family: Times New Roman;\"><b>Valor da bolsa<\/b><\/span><span style=\"font-family: Times New Roman;\">:\u00a0786,00 mais vale transporte<\/span><\/span><\/p>\n<p><span style=\"font-family: Times New Roman; font-size: 12pt;\"><b>Conhecimentos T\u00e9cnicos:<\/b><\/span><br \/>\n<span style=\"font-family: Times New Roman; font-size: 12pt;\">Compat\u00edveis\u00a0com a grade e per\u00edodo do curso.<\/span><\/p>\n<p><span style=\"font-family: Times New Roman; font-size: 12pt;\"><b>Atividades a serem realizadas no\u00a0est\u00e1gio:\u00a0<\/b><\/span><br \/>\n<span style=\"font-family: Times New Roman; font-size: 12pt;\">Auxiliar nas demandas consultivas, contenciosas, administrativas e operacionais afetas ao direito p\u00fablico. Minist\u00e9rio\u00a0p\u00fablico e demais mat\u00e9rias\u00a0conforme necessidade do setor.<\/span><\/p>\n<div dir=\"ltr\">\n<div><span style=\"font-family: times new roman, times, serif;\">Os curr\u00edculos devem ser enviados para o e-mail <a href=\"mailto:rhsudecap@pbh.gov.br\">rhsudecap@pbh.gov.br<\/a>.<\/span><br clear=\"all\" \/><\/p>\n<div>\n<div class=\"gmail_signature\" dir=\"ltr\" data-smartmail=\"gmail_signature\">\n<div dir=\"ltr\">\n<div>\n<div dir=\"ltr\">\n<div dir=\"ltr\">\n<div dir=\"ltr\">\n<div dir=\"ltr\">\n<div dir=\"ltr\">\n<div dir=\"ltr\">\n<div dir=\"ltr\">\n<div dir=\"ltr\">\n<div dir=\"ltr\">\n<div dir=\"ltr\">\n<div>\n<div><\/div>\n<div><\/div>\n<\/div>\n<\/div>\n<\/div>\n<\/div>\n<\/div>\n<\/div>\n<\/div>\n<\/div>\n<\/div>\n<\/div>\n<\/div>\n<\/div>\n<\/div>\n<\/div>\n<\/div>\n<\/div>\n<\/div>\n<\/div>\n<\/blockquote>\n<\/div>\n","protected":false},"excerpt":{"rendered":"<p>A Superintend\u00eancia de Desenvolvimento da Capital &#8211; SUDECAP est\u00e1 com 1 (uma) vaga de est\u00e1gio em aberto para o curso de Direito. \u00a0 Dados do est\u00e1gio: Local do est\u00e1gio:\u00a0Rua dos&hellip;<\/p>\n","protected":false},"author":13,"featured_media":0,"comment_status":"closed","ping_status":"open","sticky":false,"template":"","format":"standard","meta":{"footnotes":""},"categories":[12],"tags":[],"class_list":["post-10391","post","type-post","status-publish","format-standard","hentry","category-oportunidades-estagio-npj"],"publishpress_future_action":{"enabled":false,"date":"2026-05-04 06:33:48","action":"change-status","newStatus":"draft","terms":[],"taxonomy":"category","extraData":[]},"publishpress_future_workflow_manual_trigger":{"enabledWorkflows":[]},"_links":{"self":[{"href":"https:\/\/colgrad.direito.ufmg.br\/index.php?rest_route=\/wp\/v2\/posts\/10391","targetHints":{"allow":["GET"]}}],"collection":[{"href":"https:\/\/colgrad.direito.ufmg.br\/index.php?rest_route=\/wp\/v2\/posts"}],"about":[{"href":"https:\/\/colgrad.direito.ufmg.br\/index.php?rest_route=\/wp\/v2\/types\/post"}],"author":[{"embeddable":true,"href":"https:\/\/colgrad.direito.ufmg.br\/index.php?rest_route=\/wp\/v2\/users\/13"}],"replies":[{"embeddable":true,"href":"https:\/\/colgrad.direito.ufmg.br\/index.php?rest_route=%2Fwp%2Fv2%2Fcomments&post=10391"}],"version-history":[{"count":1,"href":"https:\/\/colgrad.direito.ufmg.br\/index.php?rest_route=\/wp\/v2\/posts\/10391\/revisions"}],"predecessor-version":[{"id":10392,"href":"https:\/\/colgrad.direito.ufmg.br\/index.php?rest_route=\/wp\/v2\/posts\/10391\/revisions\/10392"}],"wp:attachment":[{"href":"https:\/\/colgrad.direito.ufmg.br\/index.php?rest_route=%2Fwp%2Fv2%2Fmedia&parent=10391"}],"wp:term":[{"taxonomy":"category","embeddable":true,"href":"https:\/\/colgrad.direito.ufmg.br\/index.php?rest_route=%2Fwp%2Fv2%2Fcategories&post=10391"},{"taxonomy":"post_tag","embeddable":true,"href":"https:\/\/colgrad.direito.ufmg.br\/index.php?rest_route=%2Fwp%2Fv2%2Ftags&post=10391"}],"curies":[{"name":"wp","href":"https:\/\/api.w.org\/{rel}","templated":true}]}}