{"id":10393,"date":"2024-05-27T15:28:43","date_gmt":"2024-05-27T18:28:43","guid":{"rendered":"https:\/\/colgrad.direito.ufmg.br\/?p=10393"},"modified":"2024-05-27T15:28:43","modified_gmt":"2024-05-27T18:28:43","slug":"oportunidade-de-estagio-grupo-montalvao","status":"publish","type":"post","link":"https:\/\/colgrad.direito.ufmg.br\/?p=10393","title":{"rendered":"Oportunidade de Est\u00e1gio &#8211; Grupo Montalv\u00e3o"},"content":{"rendered":"<div dir=\"ltr\">\n<div>Gostaria de solicitar, por\u00a0gentileza, a divulga\u00e7\u00e3o de 3 vagas de est\u00e1gio com a seguinte descri\u00e7\u00e3o:<\/div>\n<div><\/div>\n<div>\n<div class=\"gmail-markdown-body\" style=\"list-style-type: none; box-sizing: border-box; vertical-align: baseline; outline-width: medium; outline-style: none; margin: 0px 0px 4em; outline-color: invert; font-variant-numeric: inherit; font-variant-east-asian: inherit; font-variant-alternates: inherit; font-stretch: inherit; font-kerning: inherit; font-feature-settings: inherit; padding: 0px;\">\n<p>Atividades:<\/p>\n<ul>\n<li style=\"list-style-type: disc; box-sizing: border-box; vertical-align: baseline; outline-width: medium; outline-style: none; margin: 0px 0px 0.8em 1.5em; outline-color: invert; padding: 0px;\">Realizar confer\u00eancia da documenta\u00e7\u00e3o necess\u00e1ria dos processos;<\/li>\n<li style=\"list-style-type: disc; box-sizing: border-box; vertical-align: baseline; outline-width: medium; outline-style: none; margin: 0px 0px 0.8em 1.5em; outline-color: invert; padding: 0px;\">Contatar os \u00f3rg\u00e3os competentes para solicitar informa\u00e7\u00f5es e movimenta\u00e7\u00f5es;<\/li>\n<li style=\"list-style-type: disc; box-sizing: border-box; vertical-align: baseline; outline-width: medium; outline-style: none; margin: 0px 0px 0.8em 1.5em; outline-color: invert; padding: 0px;\">Acompanhar a condu\u00e7\u00e3o dos processos administrativos, praticando a elabora\u00e7\u00e3o de pe\u00e7as processuais, peti\u00e7\u00f5es e recursos;<\/li>\n<li style=\"list-style-type: disc; box-sizing: border-box; vertical-align: baseline; outline-width: medium; outline-style: none; margin: 0px 0px 0.8em 1.5em; outline-color: invert; padding: 0px;\">Auxiliar em dilig\u00eancias externas, como envio e retirada de documentos, protocoliza\u00e7\u00e3o de peti\u00e7\u00f5es no f\u00f3rum, etc;<\/li>\n<li style=\"list-style-type: disc; box-sizing: border-box; vertical-align: baseline; outline-width: medium; outline-style: none; margin: 0px 0px 0.8em 1.5em; outline-color: invert; padding: 0px;\">Sugerir melhoria cont\u00ednua em processos e atividades da \u00e1rea, aumentando a efici\u00eancia operacional;<\/li>\n<li style=\"list-style-type: disc; box-sizing: border-box; vertical-align: baseline; outline-width: medium; outline-style: none; margin: 0px 0px 0.8em 1.5em; outline-color: invert; padding: 0px;\">Ter disponibilidade para est\u00e1gio presencial de 30 horas (6 horas por dia, das 8h \u00e0s 14h, ou das 12h \u00e0s 18h) em nossa unidade no Centro de Belo Horizonte, MG.<\/li>\n<\/ul>\n<p>O que buscamos:<\/p>\n<ul>\n<li style=\"list-style-type: disc; box-sizing: border-box; vertical-align: baseline; outline-width: medium; outline-style: none; margin: 0px 0px 0.8em 1.5em; outline-color: invert; padding: 0px;\">Cursando ensino superior em Direito com matr\u00edcula ativa a partir do 3\u00ba ano ou 6\u00ba semestre (obrigat\u00f3rio);<\/li>\n<li style=\"list-style-type: disc; box-sizing: border-box; vertical-align: baseline; outline-width: medium; outline-style: none; margin: 0px 0px 0.8em 1.5em; outline-color: invert; padding: 0px;\">Formatura \/ conclus\u00e3o de curso prevista a partir de janeiro de 2025;<\/li>\n<li style=\"list-style-type: disc; box-sizing: border-box; vertical-align: baseline; outline-width: medium; outline-style: none; margin: 0px 0px 0.8em 1.5em; outline-color: invert; padding: 0px;\">Excelente comunica\u00e7\u00e3o escrita na l\u00edngua portuguesa;<\/li>\n<li style=\"list-style-type: disc; box-sizing: border-box; vertical-align: baseline; outline-width: medium; outline-style: none; margin: 0px 0px 0.8em 1.5em; outline-color: invert; padding: 0px;\">Ter dinamismo, responsabilidade e vontade de aprender.<\/li>\n<\/ul>\n<p>O que oferecemos:<\/p>\n<ul>\n<li style=\"list-style-type: disc; box-sizing: border-box; vertical-align: baseline; outline-width: medium; outline-style: none; margin: 0px 0px 0.8em 1.5em; outline-color: invert; padding: 0px;\">Bolsa de est\u00e1gio R$ 1.100,00 por m\u00eas<\/li>\n<li style=\"list-style-type: disc; box-sizing: border-box; vertical-align: baseline; outline-width: medium; outline-style: none; margin: 0px 0px 0.8em 1.5em; outline-color: invert; padding: 0px;\">Seguro de Vida<\/li>\n<li style=\"list-style-type: disc; box-sizing: border-box; vertical-align: baseline; outline-width: medium; outline-style: none; margin: 0px 0px 0.8em 1.5em; outline-color: invert; padding: 0px;\">Vale-transporte<\/li>\n<li style=\"list-style-type: disc; box-sizing: border-box; vertical-align: baseline; outline-width: medium; outline-style: none; margin: 0px 0px 0.8em 1.5em; outline-color: invert; padding: 0px;\">Vale-alimenta\u00e7\u00e3o R$ 250,00 por m\u00eas<\/li>\n<li style=\"list-style-type: disc; box-sizing: border-box; vertical-align: baseline; outline-width: medium; outline-style: none; margin: 0px 0px 0.8em 1.5em; outline-color: invert; padding: 0px;\">Vale-presente de anivers\u00e1rio<\/li>\n<li style=\"list-style-type: disc; box-sizing: border-box; vertical-align: baseline; outline-width: medium; outline-style: none; margin: 0px 0px 0.8em 1.5em; outline-color: invert; padding: 0px;\">Benef\u00edcios de bem-estar (conv\u00eanio SESC)<\/li>\n<li style=\"list-style-type: disc; box-sizing: border-box; vertical-align: baseline; outline-width: medium; outline-style: none; margin: 0px 0px 0.8em 1.5em; outline-color: invert; padding: 0px;\">Participa\u00e7\u00e3o em cursos e eventos<\/li>\n<li style=\"list-style-type: disc; box-sizing: border-box; vertical-align: baseline; outline-width: medium; outline-style: none; margin: 0px 0px 0.8em 1.5em; outline-color: invert; padding: 0px;\">Ambiente de trabalho diferenciado e colaborativo<\/li>\n<\/ul>\n<div><span style=\"font-size: 12pt; font-family: Arial, Helvetica, sans-serif; color: #222222;\"><b>Inscri\u00e7\u00f5es pelo link: <a href=\"https:\/\/enliztjob.app.link\/GLAnpR87FJb\">https:\/\/enliztjob.app.link\/GLAnpR87FJb<\/a><\/b><\/span><\/div>\n<\/div>\n<\/div>\n<div><img loading=\"lazy\" decoding=\"async\" class=\"alignnone size-large wp-image-10394\" src=\"https:\/\/colgrad.direito.ufmg.br\/wp-content\/uploads\/2024\/05\/GM-ESTAGIO-1024x1024.jpg\" alt=\"\" width=\"900\" height=\"900\" srcset=\"https:\/\/colgrad.direito.ufmg.br\/wp-content\/uploads\/2024\/05\/GM-ESTAGIO-1024x1024.jpg 1024w, https:\/\/colgrad.direito.ufmg.br\/wp-content\/uploads\/2024\/05\/GM-ESTAGIO-300x300.jpg 300w, https:\/\/colgrad.direito.ufmg.br\/wp-content\/uploads\/2024\/05\/GM-ESTAGIO-150x150.jpg 150w, https:\/\/colgrad.direito.ufmg.br\/wp-content\/uploads\/2024\/05\/GM-ESTAGIO-768x768.jpg 768w, https:\/\/colgrad.direito.ufmg.br\/wp-content\/uploads\/2024\/05\/GM-ESTAGIO.jpg 1080w\" sizes=\"auto, (max-width: 900px) 100vw, 900px\" \/><\/div>\n<\/div>\n","protected":false},"excerpt":{"rendered":"<p>Gostaria de solicitar, por\u00a0gentileza, a divulga\u00e7\u00e3o de 3 vagas de est\u00e1gio com a seguinte descri\u00e7\u00e3o: Atividades: Realizar confer\u00eancia da documenta\u00e7\u00e3o necess\u00e1ria dos processos; Contatar os \u00f3rg\u00e3os competentes para solicitar informa\u00e7\u00f5es&hellip;<\/p>\n","protected":false},"author":13,"featured_media":0,"comment_status":"closed","ping_status":"open","sticky":false,"template":"","format":"standard","meta":{"footnotes":""},"categories":[12],"tags":[],"class_list":["post-10393","post","type-post","status-publish","format-standard","hentry","category-oportunidades-estagio-npj"],"publishpress_future_action":{"enabled":false,"date":"2026-05-04 13:54:20","action":"change-status","newStatus":"draft","terms":[],"taxonomy":"category","extraData":[]},"publishpress_future_workflow_manual_trigger":{"enabledWorkflows":[]},"_links":{"self":[{"href":"https:\/\/colgrad.direito.ufmg.br\/index.php?rest_route=\/wp\/v2\/posts\/10393","targetHints":{"allow":["GET"]}}],"collection":[{"href":"https:\/\/colgrad.direito.ufmg.br\/index.php?rest_route=\/wp\/v2\/posts"}],"about":[{"href":"https:\/\/colgrad.direito.ufmg.br\/index.php?rest_route=\/wp\/v2\/types\/post"}],"author":[{"embeddable":true,"href":"https:\/\/colgrad.direito.ufmg.br\/index.php?rest_route=\/wp\/v2\/users\/13"}],"replies":[{"embeddable":true,"href":"https:\/\/colgrad.direito.ufmg.br\/index.php?rest_route=%2Fwp%2Fv2%2Fcomments&post=10393"}],"version-history":[{"count":1,"href":"https:\/\/colgrad.direito.ufmg.br\/index.php?rest_route=\/wp\/v2\/posts\/10393\/revisions"}],"predecessor-version":[{"id":10395,"href":"https:\/\/colgrad.direito.ufmg.br\/index.php?rest_route=\/wp\/v2\/posts\/10393\/revisions\/10395"}],"wp:attachment":[{"href":"https:\/\/colgrad.direito.ufmg.br\/index.php?rest_route=%2Fwp%2Fv2%2Fmedia&parent=10393"}],"wp:term":[{"taxonomy":"category","embeddable":true,"href":"https:\/\/colgrad.direito.ufmg.br\/index.php?rest_route=%2Fwp%2Fv2%2Fcategories&post=10393"},{"taxonomy":"post_tag","embeddable":true,"href":"https:\/\/colgrad.direito.ufmg.br\/index.php?rest_route=%2Fwp%2Fv2%2Ftags&post=10393"}],"curies":[{"name":"wp","href":"https:\/\/api.w.org\/{rel}","templated":true}]}}