{"id":10397,"date":"2024-05-28T16:08:47","date_gmt":"2024-05-28T19:08:47","guid":{"rendered":"https:\/\/colgrad.direito.ufmg.br\/?p=10397"},"modified":"2024-05-28T16:08:47","modified_gmt":"2024-05-28T19:08:47","slug":"oportunidade-de-estagio-cassel-ruzzarin-santos-rodrigues-advogados-2","status":"publish","type":"post","link":"https:\/\/colgrad.direito.ufmg.br\/?p=10397","title":{"rendered":"Oportunidade de Est\u00e1gio &#8211;  Cassel Ruzzarin Santos Rodrigues Advogados"},"content":{"rendered":"<div class=\"iNotesHistory iNotesForward\" style=\"font-family: Verdana, Arial, Helvetica, sans-serif; padding-left: 5px;\">\n<div style=\"padding-left: 5px; border-left: black 2px solid; padding-right: 0px;\">\n<div class=\"WordSection1\">\n<div>\n<div>\n<p class=\"xmsonormal\"><strong><span style=\"color: #0000ff;\"><u><span style=\"font-size: 11pt; font-family: 'Calibri',sans-serif;\">VAGA DE EST\u00c1GIO<\/span><\/u><\/span><\/strong><\/p>\n<p><b><span style=\"font-size: 10.5pt; font-family: 'Segoe UI', sans-serif;\"><span style=\"color: #242424;\">Escrit\u00f3rio de Advocacia<\/span><\/span><\/b><\/p>\n<p style=\"box-sizing: border-box; background: white; word-spacing: 0px; orphans: 2; widows: 2; font-variant-ligatures: normal; font-variant-caps: normal; text-decoration-style: initial; text-decoration-color: initial;\"><span style=\"font-size: 10.5pt; font-family: 'Segoe UI', sans-serif;\"><span style=\"color: #242424;\">Cassel Ruzzarin Santos Rodrigues Advogados<\/span><\/span><\/p>\n<p style=\"box-sizing: border-box; background: white; word-spacing: 0px; orphans: 2; widows: 2; font-variant-ligatures: normal; font-variant-caps: normal; text-decoration-style: initial; text-decoration-color: initial;\"><span style=\"font-size: 10.5pt; font-family: 'Segoe UI', sans-serif;\"><span style=\"color: #242424;\"><a title=\"http:\/\/www.servidor.adv.br\/?fbclid=IwAR03cwmFLf69LnIBcb-Ssrh_lLw-QvyAibzVG-YVc0xWwG1zBGg7FXp4cqY\" href=\"http:\/\/www.servidor.adv.br\/?fbclid=IwAR03cwmFLf69LnIBcb-Ssrh_lLw-QvyAibzVG-YVc0xWwG1zBGg7FXp4cqY\"><span style=\"color: #4f52b2;\">www.servidor.adv.br<\/span><\/a><\/span><\/span><\/p>\n<p style=\"box-sizing: border-box; background: white; word-spacing: 0px; orphans: 2; widows: 2; font-variant-ligatures: normal; font-variant-caps: normal; text-decoration-style: initial; text-decoration-color: initial;\"><strong><span style=\"font-size: 10.5pt; font-family: 'Segoe UI', sans-serif;\"><span style=\"color: #242424;\">Semestre:<\/span><\/span><\/strong><span style=\"font-size: 10.5pt; font-family: 'Segoe UI', sans-serif;\"><span style=\"color: #242424;\">\u00a0a partir do 7\u00ba semestre, faltando<strong><span style=\"font-family: 'Segoe UI',sans-serif;\">\u00a0<u>ao menos<\/u>\u00a0<\/span><\/strong>6 meses para se formar<\/span><\/span><\/p>\n<p style=\"box-sizing: border-box; background: white; word-spacing: 0px; orphans: 2; widows: 2; font-variant-ligatures: normal; font-variant-caps: normal; text-decoration-style: initial; text-decoration-color: initial;\"><strong><span style=\"font-size: 10.5pt; font-family: 'Segoe UI', sans-serif;\"><span style=\"color: #242424;\">\u00c1rea de Atua\u00e7\u00e3o:<\/span><\/span><\/strong><span style=\"font-size: 10.5pt; font-family: 'Segoe UI', sans-serif;\"><span style=\"color: #242424;\">\u00a0Direito Administrativo, Constitucional e Processo Civil<\/span><\/span><\/p>\n<p style=\"box-sizing: border-box; background: white; word-spacing: 0px; orphans: 2; widows: 2; font-variant-ligatures: normal; font-variant-caps: normal; text-decoration-style: initial; text-decoration-color: initial;\"><strong><span style=\"font-size: 10.5pt; font-family: 'Segoe UI', sans-serif;\"><span style=\"color: #242424;\">Atividades Propostas:<\/span><\/span><\/strong><span style=\"font-size: 10.5pt; font-family: 'Segoe UI', sans-serif;\"><span style=\"color: #242424;\">\u00a0elabora\u00e7\u00e3o de\u00a0minutas de pe\u00e7as (iniciais, r\u00e9plicas, recursos) e\u00a0an\u00e1lise\u00a0de processos<\/span><\/span><\/p>\n<p style=\"box-sizing: border-box; background: white; word-spacing: 0px; orphans: 2; widows: 2; font-variant-ligatures: normal; font-variant-caps: normal; text-decoration-style: initial; text-decoration-color: initial;\"><strong><span style=\"font-size: 10.5pt; font-family: 'Segoe UI', sans-serif;\"><span style=\"color: #242424;\">Dias de Est\u00e1gio<\/span><\/span><\/strong><span style=\"font-size: 10.5pt; font-family: 'Segoe UI', sans-serif;\"><span style=\"color: #242424;\">:\u00a0de segunda a sexta-feira<\/span><\/span><\/p>\n<p class=\"elementtoproof\" style=\"box-sizing: border-box; background: white; word-spacing: 0px; orphans: 2; widows: 2; font-variant-ligatures: normal; font-variant-caps: normal; text-decoration-style: initial; text-decoration-color: initial;\"><strong><span style=\"font-size: 10.5pt; font-family: 'Segoe UI', sans-serif;\"><span style=\"color: #242424;\">Carga Hor\u00e1ria:<\/span><\/span><\/strong><span style=\"font-size: 10.5pt; font-family: 'Segoe UI', sans-serif;\"><span style=\"color: #242424;\">\u00a06h por dia, 30 horas semanais (presencial)<\/span><\/span><\/p>\n<p class=\"elementtoproof\" style=\"box-sizing: border-box; background: white; word-spacing: 0px; orphans: 2; widows: 2; font-variant-ligatures: normal; font-variant-caps: normal; text-decoration-style: initial; text-decoration-color: initial;\"><strong><span style=\"font-size: 10.5pt; font-family: 'Segoe UI', sans-serif;\"><span style=\"color: #242424;\">Valor da Bolsa<\/span><\/span><\/strong><span style=\"font-size: 10.5pt; font-family: 'Segoe UI', sans-serif;\"><span style=\"color: #242424;\">:\u00a0R$ 1.250,00\u00a0+ aux\u00edlio transporte<\/span><\/span><\/p>\n<p><span style=\"font-size: 10.5pt; font-family: 'Segoe UI', sans-serif;\"><span style=\"color: #242424;\">Interessados enviar\u00a0<u>curr\u00edculo<\/u>\u00a0para\u00a0<a title=\"mailto:trabalheconosco@servidor.adv.br\" href=\"mailto:trabalheconosco@servidor.adv.br\"><span style=\"color: #4f52b2;\">trabalheconosco@servidor.adv.br<\/span><\/a><\/span><\/span><\/p>\n<p>&nbsp;<\/p>\n<p>&nbsp;<\/p>\n<p class=\"xmsonormal\"><span style=\"font-size: 11pt; font-family: 'Calibri',sans-serif;\">\u00a0<\/span><\/p>\n<p>&nbsp;<\/p>\n<\/div>\n<\/div>\n<\/div>\n<\/div>\n<\/div>\n","protected":false},"excerpt":{"rendered":"<p>VAGA DE EST\u00c1GIO Escrit\u00f3rio de Advocacia Cassel Ruzzarin Santos Rodrigues Advogados www.servidor.adv.br Semestre:\u00a0a partir do 7\u00ba semestre, faltando\u00a0ao menos\u00a06 meses para se formar \u00c1rea de Atua\u00e7\u00e3o:\u00a0Direito Administrativo, Constitucional e Processo&hellip;<\/p>\n","protected":false},"author":13,"featured_media":0,"comment_status":"closed","ping_status":"open","sticky":false,"template":"","format":"standard","meta":{"footnotes":""},"categories":[12],"tags":[],"class_list":["post-10397","post","type-post","status-publish","format-standard","hentry","category-oportunidades-estagio-npj"],"publishpress_future_action":{"enabled":false,"date":"2026-05-04 06:37:28","action":"change-status","newStatus":"draft","terms":[],"taxonomy":"category","extraData":[]},"publishpress_future_workflow_manual_trigger":{"enabledWorkflows":[]},"_links":{"self":[{"href":"https:\/\/colgrad.direito.ufmg.br\/index.php?rest_route=\/wp\/v2\/posts\/10397","targetHints":{"allow":["GET"]}}],"collection":[{"href":"https:\/\/colgrad.direito.ufmg.br\/index.php?rest_route=\/wp\/v2\/posts"}],"about":[{"href":"https:\/\/colgrad.direito.ufmg.br\/index.php?rest_route=\/wp\/v2\/types\/post"}],"author":[{"embeddable":true,"href":"https:\/\/colgrad.direito.ufmg.br\/index.php?rest_route=\/wp\/v2\/users\/13"}],"replies":[{"embeddable":true,"href":"https:\/\/colgrad.direito.ufmg.br\/index.php?rest_route=%2Fwp%2Fv2%2Fcomments&post=10397"}],"version-history":[{"count":1,"href":"https:\/\/colgrad.direito.ufmg.br\/index.php?rest_route=\/wp\/v2\/posts\/10397\/revisions"}],"predecessor-version":[{"id":10398,"href":"https:\/\/colgrad.direito.ufmg.br\/index.php?rest_route=\/wp\/v2\/posts\/10397\/revisions\/10398"}],"wp:attachment":[{"href":"https:\/\/colgrad.direito.ufmg.br\/index.php?rest_route=%2Fwp%2Fv2%2Fmedia&parent=10397"}],"wp:term":[{"taxonomy":"category","embeddable":true,"href":"https:\/\/colgrad.direito.ufmg.br\/index.php?rest_route=%2Fwp%2Fv2%2Fcategories&post=10397"},{"taxonomy":"post_tag","embeddable":true,"href":"https:\/\/colgrad.direito.ufmg.br\/index.php?rest_route=%2Fwp%2Fv2%2Ftags&post=10397"}],"curies":[{"name":"wp","href":"https:\/\/api.w.org\/{rel}","templated":true}]}}