{"id":10399,"date":"2024-05-28T16:13:50","date_gmt":"2024-05-28T19:13:50","guid":{"rendered":"https:\/\/colgrad.direito.ufmg.br\/?p=10399"},"modified":"2024-05-28T16:13:50","modified_gmt":"2024-05-28T19:13:50","slug":"oportunidade-de-estagio-fundacao-estadual-do-meio-ambiente","status":"publish","type":"post","link":"https:\/\/colgrad.direito.ufmg.br\/?p=10399","title":{"rendered":"Oportunidade de Est\u00e1gio &#8211; Funda\u00e7\u00e3o Estadual do Meio Ambiente"},"content":{"rendered":"<p><span style=\"color: #44546a; font-family: Calibri,Verdana;\">A AGIEL &#8211; Ag\u00eancia Virtual de Est\u00e1gios, em parceria com <b>FUNDA\u00c7\u00c3O ESTADUAL DO MEIO AMBIENTE <\/b>, est\u00e1 disponibilizando vagas de est\u00e1gio para os estudantes que residem em <b>Belo Horizonte, Betim, Contagem e Vespasiano<\/b> e cursam <b><span style=\"font-size: 14pt;\">Direito, <\/span>Gest\u00e3o P\u00fablica e Administra\u00e7\u00e3o<\/b>.<br \/>\nEncaminho anexo cartaz da vaga para que possa ser divulgada aos seus alunos.<\/p>\n<p><\/span><\/p>\n<p><span style=\"color: #44546a; font-family: Calibri,Verdana;\"><img loading=\"lazy\" decoding=\"async\" class=\"alignnone size-large wp-image-10400\" src=\"https:\/\/colgrad.direito.ufmg.br\/wp-content\/uploads\/2024\/05\/MG2024000662-576x1024.png\" alt=\"\" width=\"576\" height=\"1024\" srcset=\"https:\/\/colgrad.direito.ufmg.br\/wp-content\/uploads\/2024\/05\/MG2024000662-576x1024.png 576w, https:\/\/colgrad.direito.ufmg.br\/wp-content\/uploads\/2024\/05\/MG2024000662-169x300.png 169w, https:\/\/colgrad.direito.ufmg.br\/wp-content\/uploads\/2024\/05\/MG2024000662-768x1365.png 768w, https:\/\/colgrad.direito.ufmg.br\/wp-content\/uploads\/2024\/05\/MG2024000662-864x1536.png 864w, https:\/\/colgrad.direito.ufmg.br\/wp-content\/uploads\/2024\/05\/MG2024000662.png 888w\" sizes=\"auto, (max-width: 576px) 100vw, 576px\" \/><\/p>\n<p>Segue o link com todas as informa\u00e7\u00f5es sobre o processo seletivo: <a href=\"https:\/\/www.agiel.com.br\/estudante\/vagas\/?codigo=MG2024000662\">https:\/\/www.agiel.com.br\/estudante\/vagas\/?codigo=MG2024000662<\/a><\/p>\n<p><\/span><\/p>\n","protected":false},"excerpt":{"rendered":"<p>A AGIEL &#8211; Ag\u00eancia Virtual de Est\u00e1gios, em parceria com FUNDA\u00c7\u00c3O ESTADUAL DO MEIO AMBIENTE , est\u00e1 disponibilizando vagas de est\u00e1gio para os estudantes que residem em Belo Horizonte, Betim,&hellip;<\/p>\n","protected":false},"author":13,"featured_media":0,"comment_status":"closed","ping_status":"open","sticky":false,"template":"","format":"standard","meta":{"footnotes":""},"categories":[12],"tags":[],"class_list":["post-10399","post","type-post","status-publish","format-standard","hentry","category-oportunidades-estagio-npj"],"publishpress_future_action":{"enabled":false,"date":"2026-05-04 06:37:26","action":"change-status","newStatus":"draft","terms":[],"taxonomy":"category","extraData":[]},"publishpress_future_workflow_manual_trigger":{"enabledWorkflows":[]},"_links":{"self":[{"href":"https:\/\/colgrad.direito.ufmg.br\/index.php?rest_route=\/wp\/v2\/posts\/10399","targetHints":{"allow":["GET"]}}],"collection":[{"href":"https:\/\/colgrad.direito.ufmg.br\/index.php?rest_route=\/wp\/v2\/posts"}],"about":[{"href":"https:\/\/colgrad.direito.ufmg.br\/index.php?rest_route=\/wp\/v2\/types\/post"}],"author":[{"embeddable":true,"href":"https:\/\/colgrad.direito.ufmg.br\/index.php?rest_route=\/wp\/v2\/users\/13"}],"replies":[{"embeddable":true,"href":"https:\/\/colgrad.direito.ufmg.br\/index.php?rest_route=%2Fwp%2Fv2%2Fcomments&post=10399"}],"version-history":[{"count":1,"href":"https:\/\/colgrad.direito.ufmg.br\/index.php?rest_route=\/wp\/v2\/posts\/10399\/revisions"}],"predecessor-version":[{"id":10401,"href":"https:\/\/colgrad.direito.ufmg.br\/index.php?rest_route=\/wp\/v2\/posts\/10399\/revisions\/10401"}],"wp:attachment":[{"href":"https:\/\/colgrad.direito.ufmg.br\/index.php?rest_route=%2Fwp%2Fv2%2Fmedia&parent=10399"}],"wp:term":[{"taxonomy":"category","embeddable":true,"href":"https:\/\/colgrad.direito.ufmg.br\/index.php?rest_route=%2Fwp%2Fv2%2Fcategories&post=10399"},{"taxonomy":"post_tag","embeddable":true,"href":"https:\/\/colgrad.direito.ufmg.br\/index.php?rest_route=%2Fwp%2Fv2%2Ftags&post=10399"}],"curies":[{"name":"wp","href":"https:\/\/api.w.org\/{rel}","templated":true}]}}