{"id":10453,"date":"2024-06-12T08:52:24","date_gmt":"2024-06-12T11:52:24","guid":{"rendered":"https:\/\/colgrad.direito.ufmg.br\/?p=10453"},"modified":"2024-06-12T08:52:24","modified_gmt":"2024-06-12T11:52:24","slug":"oportunidade-de-estagio-metzker-advogados-2","status":"publish","type":"post","link":"https:\/\/colgrad.direito.ufmg.br\/?p=10453","title":{"rendered":"Oportunidade de Est\u00e1gio &#8211; Metzker advogados"},"content":{"rendered":"<p><strong>VAGA DE EST\u00c1GIO \u2013 1 VAGA <\/strong><br \/>\n<strong>\u00a0<\/strong><br \/>\n<strong>&#8211; <u>CURSANDO:<\/u>\u00a03\u00ba ou 4\u00ba PER\u00cdODO DE DIREITO<\/strong><br \/>\n<strong>\u00a0<\/strong><br \/>\n<strong>&#8211; <u>DESCRI\u00c7\u00c3O DAS ATIVIDADES:<\/u>\u00a0IR\u00c1 ATUAR EM ESCRIT\u00d3RIO DE ADVOCACIA, NO RAMO TRABALHISTA, COM ACOMPANHAMENTO INTEGRAL, COM AUX\u00cdLIO NA ELABORA\u00c7\u00c3O DAS PE\u00c7AS PROCESSUAIS E ORIENTA\u00c7\u00c3O QUANTO A DOUTRINA E JURISPRUD\u00caNCIA A SEREM UTILIZADAS.<\/strong><br \/>\n<strong>\u00a0<\/strong><br \/>\n<strong><u>&#8211; HOR\u00c1RIO DE REALIZA\u00c7\u00c3O:<\/u>\u00a0DE SEGUNDA \u00c0 SEXTA-FEIRA, PER\u00cdODO DA MANH\u00c3 OU TARDE ( A SER ACORDADO)<\/strong><br \/>\n<strong>\u00a0<\/strong><br \/>\n<strong><u>&#8211; BOLSA DE EST\u00c1GIO:<\/u>\u00a0R$1.412,00 + VALE TRANSPORTE (MUNICIPAL)<\/p>\n<p>&#8211; <u>ENVIAR CURRIC\u00daLO PARA<\/u>: <\/strong><\/p>\n<p><strong><a href=\"mailto:debora.macedo@metzkeradvogados.com.br\">debora.macedo@metzkeradvogados.com.br<\/a> e <a href=\"mailto:gabriela.avelar@metzkeradvogados.com.br\">gabriela.avelar@metzkeradvogados.com.br<\/a> <\/strong><\/p>\n<p>&nbsp;<\/p>\n","protected":false},"excerpt":{"rendered":"<p>VAGA DE EST\u00c1GIO \u2013 1 VAGA \u00a0 &#8211; CURSANDO:\u00a03\u00ba ou 4\u00ba PER\u00cdODO DE DIREITO \u00a0 &#8211; DESCRI\u00c7\u00c3O DAS ATIVIDADES:\u00a0IR\u00c1 ATUAR EM ESCRIT\u00d3RIO DE ADVOCACIA, NO RAMO TRABALHISTA, COM ACOMPANHAMENTO INTEGRAL,&hellip;<\/p>\n","protected":false},"author":13,"featured_media":0,"comment_status":"closed","ping_status":"open","sticky":false,"template":"","format":"standard","meta":{"footnotes":""},"categories":[12],"tags":[],"class_list":["post-10453","post","type-post","status-publish","format-standard","hentry","category-oportunidades-estagio-npj"],"publishpress_future_action":{"enabled":false,"date":"2026-05-04 13:54:20","action":"change-status","newStatus":"draft","terms":[],"taxonomy":"category","extraData":[]},"publishpress_future_workflow_manual_trigger":{"enabledWorkflows":[]},"_links":{"self":[{"href":"https:\/\/colgrad.direito.ufmg.br\/index.php?rest_route=\/wp\/v2\/posts\/10453","targetHints":{"allow":["GET"]}}],"collection":[{"href":"https:\/\/colgrad.direito.ufmg.br\/index.php?rest_route=\/wp\/v2\/posts"}],"about":[{"href":"https:\/\/colgrad.direito.ufmg.br\/index.php?rest_route=\/wp\/v2\/types\/post"}],"author":[{"embeddable":true,"href":"https:\/\/colgrad.direito.ufmg.br\/index.php?rest_route=\/wp\/v2\/users\/13"}],"replies":[{"embeddable":true,"href":"https:\/\/colgrad.direito.ufmg.br\/index.php?rest_route=%2Fwp%2Fv2%2Fcomments&post=10453"}],"version-history":[{"count":1,"href":"https:\/\/colgrad.direito.ufmg.br\/index.php?rest_route=\/wp\/v2\/posts\/10453\/revisions"}],"predecessor-version":[{"id":10454,"href":"https:\/\/colgrad.direito.ufmg.br\/index.php?rest_route=\/wp\/v2\/posts\/10453\/revisions\/10454"}],"wp:attachment":[{"href":"https:\/\/colgrad.direito.ufmg.br\/index.php?rest_route=%2Fwp%2Fv2%2Fmedia&parent=10453"}],"wp:term":[{"taxonomy":"category","embeddable":true,"href":"https:\/\/colgrad.direito.ufmg.br\/index.php?rest_route=%2Fwp%2Fv2%2Fcategories&post=10453"},{"taxonomy":"post_tag","embeddable":true,"href":"https:\/\/colgrad.direito.ufmg.br\/index.php?rest_route=%2Fwp%2Fv2%2Ftags&post=10453"}],"curies":[{"name":"wp","href":"https:\/\/api.w.org\/{rel}","templated":true}]}}