{"id":10481,"date":"2024-06-13T08:52:20","date_gmt":"2024-06-13T11:52:20","guid":{"rendered":"https:\/\/colgrad.direito.ufmg.br\/?p=10481"},"modified":"2024-06-13T08:52:20","modified_gmt":"2024-06-13T11:52:20","slug":"oportunidade-lima-netto-advogados","status":"publish","type":"post","link":"https:\/\/colgrad.direito.ufmg.br\/?p=10481","title":{"rendered":"Oportunidade &#8211; Lima Netto Advogados"},"content":{"rendered":"<p>Vaga para est\u00e1gio conforme informa\u00e7\u00f5es abaixo:<\/p>\n<p>Estamos com vaga de est\u00e1gio para estudantes do Curso de Direito a partir do 5\u00ba per\u00edodo.<\/p>\n<p>Processo seletivo no per\u00edodo de 13\/06 at\u00e9 13\/07.<\/p>\n<p>\u00c1rea de atua\u00e7\u00e3o: C\u00edvel<br \/>\nRemunera\u00e7\u00e3o: bolsa est\u00e1gio e aux\u00edlio transporte.<br \/>\nLocal de trabalho: \u00a0Presencial: Av. Barbacena 472, 11\u00ba andar \u2013 Barro Preto \u2013 Belo Horizonte \u2013 MG<br \/>\n\u23f0\u00a0Hor\u00e1rio: de 2\u00aa a 6\u00aa, das 12h \u00e0s 18h<br \/>\nOs interessados devem enviar o curr\u00edculo para: <a href=\"mailto:isabela.santoro@limanetto.adv.br\">isabela.santoro@limanetto.adv.br<\/a><\/p>\n","protected":false},"excerpt":{"rendered":"<p>Vaga para est\u00e1gio conforme informa\u00e7\u00f5es abaixo: Estamos com vaga de est\u00e1gio para estudantes do Curso de Direito a partir do 5\u00ba per\u00edodo. Processo seletivo no per\u00edodo de 13\/06 at\u00e9 13\/07.&hellip;<\/p>\n","protected":false},"author":13,"featured_media":0,"comment_status":"closed","ping_status":"open","sticky":false,"template":"","format":"standard","meta":{"footnotes":""},"categories":[12],"tags":[],"class_list":["post-10481","post","type-post","status-publish","format-standard","hentry","category-oportunidades-estagio-npj"],"publishpress_future_action":{"enabled":false,"date":"2026-05-03 08:56:43","action":"change-status","newStatus":"draft","terms":[],"taxonomy":"category","extraData":[]},"publishpress_future_workflow_manual_trigger":{"enabledWorkflows":[]},"_links":{"self":[{"href":"https:\/\/colgrad.direito.ufmg.br\/index.php?rest_route=\/wp\/v2\/posts\/10481","targetHints":{"allow":["GET"]}}],"collection":[{"href":"https:\/\/colgrad.direito.ufmg.br\/index.php?rest_route=\/wp\/v2\/posts"}],"about":[{"href":"https:\/\/colgrad.direito.ufmg.br\/index.php?rest_route=\/wp\/v2\/types\/post"}],"author":[{"embeddable":true,"href":"https:\/\/colgrad.direito.ufmg.br\/index.php?rest_route=\/wp\/v2\/users\/13"}],"replies":[{"embeddable":true,"href":"https:\/\/colgrad.direito.ufmg.br\/index.php?rest_route=%2Fwp%2Fv2%2Fcomments&post=10481"}],"version-history":[{"count":1,"href":"https:\/\/colgrad.direito.ufmg.br\/index.php?rest_route=\/wp\/v2\/posts\/10481\/revisions"}],"predecessor-version":[{"id":10482,"href":"https:\/\/colgrad.direito.ufmg.br\/index.php?rest_route=\/wp\/v2\/posts\/10481\/revisions\/10482"}],"wp:attachment":[{"href":"https:\/\/colgrad.direito.ufmg.br\/index.php?rest_route=%2Fwp%2Fv2%2Fmedia&parent=10481"}],"wp:term":[{"taxonomy":"category","embeddable":true,"href":"https:\/\/colgrad.direito.ufmg.br\/index.php?rest_route=%2Fwp%2Fv2%2Fcategories&post=10481"},{"taxonomy":"post_tag","embeddable":true,"href":"https:\/\/colgrad.direito.ufmg.br\/index.php?rest_route=%2Fwp%2Fv2%2Ftags&post=10481"}],"curies":[{"name":"wp","href":"https:\/\/api.w.org\/{rel}","templated":true}]}}