{"id":10503,"date":"2024-06-18T13:39:14","date_gmt":"2024-06-18T16:39:14","guid":{"rendered":"https:\/\/colgrad.direito.ufmg.br\/?p=10503"},"modified":"2024-06-18T13:39:14","modified_gmt":"2024-06-18T16:39:14","slug":"oportunidade-de-estagio-diretoria-de-admissao-e-movimentacao-da-secretaria-de-estado-de-planejamento-e-gestao-seplag-mg","status":"publish","type":"post","link":"https:\/\/colgrad.direito.ufmg.br\/?p=10503","title":{"rendered":"Oportunidade de Est\u00e1gio &#8211; Diretoria de Admiss\u00e3o e Movimenta\u00e7\u00e3o da Secretaria de Estado de Planejamento e Gest\u00e3o &#8211; SEPLAG\/MG"},"content":{"rendered":"<p>Abaixo link para acesso, com todos os dados da vaga:<\/p>\n<p><a href=\"https:\/\/colgrad.direito.ufmg.br\/wp-content\/uploads\/2024\/06\/SEI_90516305_RH___Estagio___Divulgacao.pdf\">SEI_90516305_RH___Estagio___Divulgacao<\/a><\/p>\n","protected":false},"excerpt":{"rendered":"<p>Abaixo link para acesso, com todos os dados da vaga: SEI_90516305_RH___Estagio___Divulgacao<\/p>\n","protected":false},"author":13,"featured_media":0,"comment_status":"closed","ping_status":"open","sticky":false,"template":"","format":"standard","meta":{"footnotes":""},"categories":[12],"tags":[],"class_list":["post-10503","post","type-post","status-publish","format-standard","hentry","category-oportunidades-estagio-npj"],"publishpress_future_action":{"enabled":false,"date":"2026-05-04 01:50:28","action":"change-status","newStatus":"draft","terms":[],"taxonomy":"category","extraData":[]},"publishpress_future_workflow_manual_trigger":{"enabledWorkflows":[]},"_links":{"self":[{"href":"https:\/\/colgrad.direito.ufmg.br\/index.php?rest_route=\/wp\/v2\/posts\/10503","targetHints":{"allow":["GET"]}}],"collection":[{"href":"https:\/\/colgrad.direito.ufmg.br\/index.php?rest_route=\/wp\/v2\/posts"}],"about":[{"href":"https:\/\/colgrad.direito.ufmg.br\/index.php?rest_route=\/wp\/v2\/types\/post"}],"author":[{"embeddable":true,"href":"https:\/\/colgrad.direito.ufmg.br\/index.php?rest_route=\/wp\/v2\/users\/13"}],"replies":[{"embeddable":true,"href":"https:\/\/colgrad.direito.ufmg.br\/index.php?rest_route=%2Fwp%2Fv2%2Fcomments&post=10503"}],"version-history":[{"count":2,"href":"https:\/\/colgrad.direito.ufmg.br\/index.php?rest_route=\/wp\/v2\/posts\/10503\/revisions"}],"predecessor-version":[{"id":10506,"href":"https:\/\/colgrad.direito.ufmg.br\/index.php?rest_route=\/wp\/v2\/posts\/10503\/revisions\/10506"}],"wp:attachment":[{"href":"https:\/\/colgrad.direito.ufmg.br\/index.php?rest_route=%2Fwp%2Fv2%2Fmedia&parent=10503"}],"wp:term":[{"taxonomy":"category","embeddable":true,"href":"https:\/\/colgrad.direito.ufmg.br\/index.php?rest_route=%2Fwp%2Fv2%2Fcategories&post=10503"},{"taxonomy":"post_tag","embeddable":true,"href":"https:\/\/colgrad.direito.ufmg.br\/index.php?rest_route=%2Fwp%2Fv2%2Ftags&post=10503"}],"curies":[{"name":"wp","href":"https:\/\/api.w.org\/{rel}","templated":true}]}}