{"id":10517,"date":"2024-06-20T09:45:16","date_gmt":"2024-06-20T12:45:16","guid":{"rendered":"https:\/\/colgrad.direito.ufmg.br\/?p=10517"},"modified":"2024-06-20T09:46:37","modified_gmt":"2024-06-20T12:46:37","slug":"oportunidade-de-estagio-secretaria-de-estado-de-desenvolvimento-economico-de-minas-gerais-2","status":"publish","type":"post","link":"https:\/\/colgrad.direito.ufmg.br\/?p=10517","title":{"rendered":"Oportunidades de Est\u00e1gio &#8211; Secret\u00e1ria de Estado de Desenvolvimento Econ\u00f4mico de Minas Gerais"},"content":{"rendered":"<div><span style=\"text-decoration: underline;\"><strong><span style=\"color: #000080; text-decoration: underline;\">Oportunidades de est\u00e1gio:<\/span><\/strong><\/span><\/div>\n<div><\/div>\n<div class=\"elementToProof\" style=\"font-size: 11pt; font-family: Aptos, Aptos_EmbeddedFont, Aptos_MSFontService, Calibri, Helvetica, sans-serif; color: #000000;\"><b>VAGA 1)\u00a0<\/b><\/div>\n<div class=\"elementToProof\" style=\"font-size: 11pt; font-family: Aptos, Aptos_EmbeddedFont, Aptos_MSFontService, Calibri, Helvetica, sans-serif; color: #000000;\"><b><br \/>\nCargo:<\/b>\u00a0Estagi\u00e1rio(a) de Direito &#8211; N\u00e3o precisa de OAB-E<b><br \/>\nCarga Hor\u00e1ria:<\/b>\u00a030h semanais<b><br \/>\nLocal de trabalho:<\/b>\u00a0Cidade Administrativa (bairro Serra Verde) \u2013 Secret\u00e1ria de Estado de Desenvolvimento Econ\u00f4mico de Minas Gerais \u2013 Edif\u00edcio Gerais<b><br \/>\nRegime de trabalho:<\/b>\u00a0Hibrido \u2013 Teletrabalho 2 vez por semana.<b><br \/>\nRemunera\u00e7\u00e3o:<\/b>\u00a0R$ 1.258,74 + R$ 10,50\/dia trabalho presencial (Existe \u00f4nibus gratuito da Esta\u00e7\u00e3o Vilarinho para Cidade Administrativa)<b><br \/>\nSinopse da vaga: <\/b>Trabalhar na Diretoria de Simplifica\u00e7\u00e3o do Ambiente de Neg\u00f3cios, executando o Programa Estadual de Desburocratiza\u00e7\u00e3o \u2013 Minas Livre para Crescer. \u00a0<b><br \/>\nPrincipais \u00e1reas de atua\u00e7\u00e3o:<\/b>\u00a0Regula\u00e7\u00e3o, Direito Administrativo, Direito Ambiental, Direito Constitucional e Relacionamento Governamental.Principais Atividades:<\/p>\n<p>&#8211; Analisar atos normativos advindos da Assembleia Legislativa do Estado de Minas Gerais ou do pr\u00f3prio Poder Executivo Estadual<br \/>\n&#8211; Atender demandar do setor produtivo<br \/>\n&#8211; Implementar os institutos previstos na Lei de Liberdade Econ\u00f4mica<br \/>\n&#8211; Auxiliar Conselhos e participar de reuni\u00f5es envolvendo diversos segmentos produtivos.<br \/>\n&#8211; Implementar a otimiza\u00e7\u00e3o de procedimentos jur\u00eddicos pretendidos pela Lei de Liberdade Econ\u00f4mica.<\/p>\n<\/div>\n<div class=\"elementToProof\" style=\"font-size: 11pt; font-family: Aptos, Aptos_EmbeddedFont, Aptos_MSFontService, Calibri, Helvetica, sans-serif; color: #000000;\"><\/div>\n<div class=\"elementToProof\" style=\"font-size: 11pt; font-family: Aptos, Aptos_EmbeddedFont, Aptos_MSFontService, Calibri, Helvetica, sans-serif; color: #000000; margin: 0px;\"><b>VAGA 2)\u00a0<\/b><\/div>\n<div class=\"elementToProof\" style=\"font-size: 11pt; font-family: Aptos, Aptos_EmbeddedFont, Aptos_MSFontService, Calibri, Helvetica, sans-serif; color: #000000; margin: 0px;\"><b><br \/>\nCargo:<\/b>\u00a0Estagi\u00e1rio(a) de Direito &#8211; N\u00e3o precisa de OAB-E<b><br \/>\nCarga Hor\u00e1ria:<\/b>\u00a020h semanais<b><br \/>\nLocal de trabalho:<\/b>\u00a0Cidade Administrativa (bairro Serra Verde) \u2013 Secret\u00e1ria de Estado de Desenvolvimento Econ\u00f4mico de Minas Gerais \u2013 Edif\u00edcio Gerais<b><br \/>\nRegime de trabalho:<\/b>\u00a0Hibrido \u2013 Teletrabalho 2 vez por semana.<b><br \/>\nRemunera\u00e7\u00e3o:<\/b>\u00a0R$ 839,16 + R$ 10,50\/dia trabalho presencial (Existe \u00f4nibus gratuito da Esta\u00e7\u00e3o Vilarinho para Cidade Administrativa)<b><br \/>\nSinopse da vaga: <\/b>Trabalhar na Diretoria de Simplifica\u00e7\u00e3o do Ambiente de Neg\u00f3cios, executando o Programa Estadual de Desburocratiza\u00e7\u00e3o \u2013 Minas Livre para Crescer. \u00a0<b><br \/>\nPrincipais \u00e1reas de atua\u00e7\u00e3o:<\/b>\u00a0Regula\u00e7\u00e3o, Direito Administrativo, Direito Ambiental, Direito Constitucional e Relacionamento Governamental.Principais Atividades:<\/p>\n<p>&#8211; Analisar atos normativos advindos da Assembleia Legislativa do Estado de Minas Gerais ou do pr\u00f3prio Poder Executivo Estadual<br \/>\n&#8211; Atender demandar do setor produtivo<br \/>\n&#8211; Implementar os institutos previstos na Lei de Liberdade Econ\u00f4mica<br \/>\n&#8211; Auxiliar Conselhos e participar de reuni\u00f5es envolvendo diversos segmentos produtivos.<br \/>\n&#8211; Implementar a otimiza\u00e7\u00e3o de procedimentos jur\u00eddicos pretendidos pela Lei de Liberdade Econ\u00f4mica.<\/p>\n<\/div>\n<div class=\"elementToProof\" style=\"font-size: 11pt; font-family: Aptos, Aptos_EmbeddedFont, Aptos_MSFontService, Calibri, Helvetica, sans-serif; color: #000000; margin: 0px;\"><b><br \/>\nRequisitos:<br \/>\n<\/b><br \/>\nCursar a partir do 7\u00ba per\u00edodo<br \/>\nExcelente orat\u00f3ria e escrita<br \/>\nProativo e persuasivo<br \/>\nConhecimento em pacote Office (Especialmente Excel).<br \/>\n<b><br \/>\nContato:<\/b>\u00a0Interessados devem encaminhar o Curr\u00edculo em PDF para: <u><a id=\"OWA8f65e90d-1bf4-edaa-f358-d20a4acd8a84\" class=\"OWAAutoLink\" style=\"margin: 0px;\" href=\"mailto:diogo.fernandes@desenvolvimento.mg.gov.br\">diogo.fernandes@desenvolvimento.mg.gov.br<\/a><\/u>\u00a0com o assunto \u201cVaga de Estagi\u00e1rio(a) de Direito + NOME DO(A) CANDIDATO(A)\u201d.<\/div>\n","protected":false},"excerpt":{"rendered":"<p>Oportunidades de est\u00e1gio: VAGA 1)\u00a0 Cargo:\u00a0Estagi\u00e1rio(a) de Direito &#8211; N\u00e3o precisa de OAB-E Carga Hor\u00e1ria:\u00a030h semanais Local de trabalho:\u00a0Cidade Administrativa (bairro Serra Verde) \u2013 Secret\u00e1ria de Estado de Desenvolvimento Econ\u00f4mico&hellip;<\/p>\n","protected":false},"author":13,"featured_media":0,"comment_status":"closed","ping_status":"open","sticky":false,"template":"","format":"standard","meta":{"footnotes":""},"categories":[12],"tags":[],"class_list":["post-10517","post","type-post","status-publish","format-standard","hentry","category-oportunidades-estagio-npj"],"publishpress_future_action":{"enabled":false,"date":"2026-05-04 03:02:28","action":"change-status","newStatus":"draft","terms":[],"taxonomy":"category","extraData":[]},"publishpress_future_workflow_manual_trigger":{"enabledWorkflows":[]},"_links":{"self":[{"href":"https:\/\/colgrad.direito.ufmg.br\/index.php?rest_route=\/wp\/v2\/posts\/10517","targetHints":{"allow":["GET"]}}],"collection":[{"href":"https:\/\/colgrad.direito.ufmg.br\/index.php?rest_route=\/wp\/v2\/posts"}],"about":[{"href":"https:\/\/colgrad.direito.ufmg.br\/index.php?rest_route=\/wp\/v2\/types\/post"}],"author":[{"embeddable":true,"href":"https:\/\/colgrad.direito.ufmg.br\/index.php?rest_route=\/wp\/v2\/users\/13"}],"replies":[{"embeddable":true,"href":"https:\/\/colgrad.direito.ufmg.br\/index.php?rest_route=%2Fwp%2Fv2%2Fcomments&post=10517"}],"version-history":[{"count":2,"href":"https:\/\/colgrad.direito.ufmg.br\/index.php?rest_route=\/wp\/v2\/posts\/10517\/revisions"}],"predecessor-version":[{"id":10519,"href":"https:\/\/colgrad.direito.ufmg.br\/index.php?rest_route=\/wp\/v2\/posts\/10517\/revisions\/10519"}],"wp:attachment":[{"href":"https:\/\/colgrad.direito.ufmg.br\/index.php?rest_route=%2Fwp%2Fv2%2Fmedia&parent=10517"}],"wp:term":[{"taxonomy":"category","embeddable":true,"href":"https:\/\/colgrad.direito.ufmg.br\/index.php?rest_route=%2Fwp%2Fv2%2Fcategories&post=10517"},{"taxonomy":"post_tag","embeddable":true,"href":"https:\/\/colgrad.direito.ufmg.br\/index.php?rest_route=%2Fwp%2Fv2%2Ftags&post=10517"}],"curies":[{"name":"wp","href":"https:\/\/api.w.org\/{rel}","templated":true}]}}