{"id":10581,"date":"2024-06-25T09:22:50","date_gmt":"2024-06-25T12:22:50","guid":{"rendered":"https:\/\/colgrad.direito.ufmg.br\/?p=10581"},"modified":"2024-06-25T09:22:50","modified_gmt":"2024-06-25T12:22:50","slug":"oportunidade-de-estagio-andrade-silva-advogados-2","status":"publish","type":"post","link":"https:\/\/colgrad.direito.ufmg.br\/?p=10581","title":{"rendered":"Oportunidade de Est\u00e1gio &#8211; Andrade Silva Advogados"},"content":{"rendered":"<p><strong>VAGA DE EST\u00c1GIO <\/strong><\/p>\n<p><strong>ANDRADE SILVA ADVOGADOS | UNIDADE BELO HORIZONTE<\/strong><br \/>\n<strong>\u00a0<\/strong><br \/>\n\u00b7\u00a0 \u00a0 \u00a0 \u00a0Hor\u00e1rio: 12h \u00e0s 18h (negoci\u00e1vel, dentro da carga hor\u00e1ria de 6h)<br \/>\n\u00b7 \u00a0 \u00a0 \u00a0 \u00a0 Modelo h\u00edbrido de est\u00e1gio<br \/>\n\u00b7\u00a0 \u00a0 \u00a0 \u00a0Bolsa-est\u00e1gio de R$ R$1500,00 + aux\u00edlio-transporte<br \/>\n<strong>\u00a0<\/strong><br \/>\n<strong>REQUISITOS:<\/strong><\/p>\n<p>\u00b7\u00a0 \u00a0 \u00a0 \u00a0Cursar <strong>3\u00ba ao 9\u00ba<\/strong>\u00a0per\u00edodo de Direito, sendo:<\/p>\n<ul>\n<li>do 6\u00ba ao 8\u00ba, para se candidatar \u00e0 vaga do<strong>\u00a0TRABALHISTA\/CONSUMO<\/strong><\/li>\n<\/ul>\n<ul>\n<li>\nA partir do 7\u00ba per\u00edodo, ter carteira de estagi\u00e1rio da OAB<\/p>\n<p><strong>DIFERENCIAIS:<\/strong><\/p>\n<p>\u00b7\u00a0 \u00a0 \u00a0 \u00a0Est\u00e1gio anterior em escrit\u00f3rio de advocacia<br \/>\n\u00b7\u00a0 \u00a0 \u00a0 \u00a0Conhecimento e utiliza\u00e7\u00e3o do software jur\u00eddico Advwin<br \/>\n<strong>\u00a0<\/strong><br \/>\n<strong>COMPET\u00caNCIAS:<\/strong><\/p>\n<p>\u00b7\u00a0 \u00a0 \u00a0 \u00a0Aten\u00e7\u00e3o<br \/>\n\u00b7\u00a0 \u00a0 \u00a0 \u00a0Produtividade<br \/>\n\u00b7\u00a0 \u00a0 \u00a0 \u00a0Organiza\u00e7\u00e3o<br \/>\n\u00b7\u00a0 \u00a0 \u00a0 \u00a0Racioc\u00ednio l\u00f3gico<br \/>\n\u00b7\u00a0 \u00a0 \u00a0 \u00a0Resili\u00eancia<br \/>\n\u00b7\u00a0 \u00a0 \u00a0 \u00a0Assertividade<br \/>\n\u00b7\u00a0 \u00a0 \u00a0 \u00a0Proatividade<br \/>\n\u00b7\u00a0 \u00a0 \u00a0 \u00a0Habilidade para trabalho em equipe<br \/>\n\u00b7\u00a0 \u00a0 \u00a0 \u00a0Boa comunica\u00e7\u00e3o escrita e verbal<br \/>\n\u00b7\u00a0 \u00a0 \u00a0 \u00a0Identificar-se com o nosso Manifesto <a href=\"https:\/\/www.andradesilva.com.br\/manifesto\/\">https:\/\/www.andradesilva.com.br\/manifesto\/<\/a><br \/>\n<strong>\u00a0<\/strong><br \/>\n<strong>ATIVIDADES A DESENVOLVER SOB SUPERVIS\u00c3O:<\/strong><\/p>\n<p>\u00b7 \u00a0 \u00a0 \u00a0 \u00a0 analisar processos<br \/>\n\u00b7 \u00a0 \u00a0 \u00a0 \u00a0 elaborar peti\u00e7\u00f5es<br \/>\n\u00b7 \u00a0 \u00a0 \u00a0 \u00a0 pesquisar doutrina e jurisprud\u00eancia<br \/>\n\u00b7 \u00a0 \u00a0 \u00a0 \u00a0 alimentar software jur\u00eddico<br \/>\n\u00b7 \u00a0 \u00a0 \u00a0 \u00a0 dilig\u00eancias externas (protocolos, c\u00f3pias etc.)<br \/>\n\u00b7 \u00a0 \u00a0 \u00a0 \u00a0 elabora\u00e7\u00e3o de notas\/artigos<\/li>\n<\/ul>\n","protected":false},"excerpt":{"rendered":"<p>VAGA DE EST\u00c1GIO ANDRADE SILVA ADVOGADOS | UNIDADE BELO HORIZONTE \u00a0 \u00b7\u00a0 \u00a0 \u00a0 \u00a0Hor\u00e1rio: 12h \u00e0s 18h (negoci\u00e1vel, dentro da carga hor\u00e1ria de 6h) \u00b7 \u00a0 \u00a0 \u00a0 \u00a0&hellip;<\/p>\n","protected":false},"author":13,"featured_media":0,"comment_status":"closed","ping_status":"open","sticky":false,"template":"","format":"standard","meta":{"footnotes":""},"categories":[12],"tags":[],"class_list":["post-10581","post","type-post","status-publish","format-standard","hentry","category-oportunidades-estagio-npj"],"publishpress_future_action":{"enabled":false,"date":"2026-05-04 01:51:28","action":"change-status","newStatus":"draft","terms":[],"taxonomy":"category","extraData":[]},"publishpress_future_workflow_manual_trigger":{"enabledWorkflows":[]},"_links":{"self":[{"href":"https:\/\/colgrad.direito.ufmg.br\/index.php?rest_route=\/wp\/v2\/posts\/10581","targetHints":{"allow":["GET"]}}],"collection":[{"href":"https:\/\/colgrad.direito.ufmg.br\/index.php?rest_route=\/wp\/v2\/posts"}],"about":[{"href":"https:\/\/colgrad.direito.ufmg.br\/index.php?rest_route=\/wp\/v2\/types\/post"}],"author":[{"embeddable":true,"href":"https:\/\/colgrad.direito.ufmg.br\/index.php?rest_route=\/wp\/v2\/users\/13"}],"replies":[{"embeddable":true,"href":"https:\/\/colgrad.direito.ufmg.br\/index.php?rest_route=%2Fwp%2Fv2%2Fcomments&post=10581"}],"version-history":[{"count":1,"href":"https:\/\/colgrad.direito.ufmg.br\/index.php?rest_route=\/wp\/v2\/posts\/10581\/revisions"}],"predecessor-version":[{"id":10582,"href":"https:\/\/colgrad.direito.ufmg.br\/index.php?rest_route=\/wp\/v2\/posts\/10581\/revisions\/10582"}],"wp:attachment":[{"href":"https:\/\/colgrad.direito.ufmg.br\/index.php?rest_route=%2Fwp%2Fv2%2Fmedia&parent=10581"}],"wp:term":[{"taxonomy":"category","embeddable":true,"href":"https:\/\/colgrad.direito.ufmg.br\/index.php?rest_route=%2Fwp%2Fv2%2Fcategories&post=10581"},{"taxonomy":"post_tag","embeddable":true,"href":"https:\/\/colgrad.direito.ufmg.br\/index.php?rest_route=%2Fwp%2Fv2%2Ftags&post=10581"}],"curies":[{"name":"wp","href":"https:\/\/api.w.org\/{rel}","templated":true}]}}