{"id":10776,"date":"2024-09-02T10:00:13","date_gmt":"2024-09-02T13:00:13","guid":{"rendered":"https:\/\/colgrad.direito.ufmg.br\/?p=10776"},"modified":"2024-09-16T12:51:55","modified_gmt":"2024-09-16T15:51:55","slug":"prazos-da-matricula-2024-2","status":"publish","type":"post","link":"https:\/\/colgrad.direito.ufmg.br\/?p=10776","title":{"rendered":"Prazos da Matr\u00edcula &#8211; 2024\/2"},"content":{"rendered":"<p>Prezados(as) alunos(as),<\/p>\n<p>Gentileza ficarem atentos aos prazos relacionados \u00e0 matr\u00edcula no semestre de 2024\/2.<\/p>\n<ul>\n<li><strong>1\u00ba Fase<\/strong> &#8211; Envio do requerimento de matr\u00edcula online: <strong>09 a 11 de setembro<\/strong>.<\/li>\n<li><strong>1\u00ba Fase<\/strong> &#8211; An\u00e1lise dos requerimentos de matr\u00edculas pelos colegiados dos curso de gradua\u00e7\u00e3o: <strong>09 a 12 de Setembro<\/strong>.<\/li>\n<li><strong>2\u00ba Fase<\/strong> &#8211; Envio do requerimento de inclus\u00e3o de novas atividades (n\u00facleo espec\u00edfico) em turmas com vagas: <strong>23 e 24 de setembro<\/strong>.<\/li>\n<li><strong>2\u00ba Fase<\/strong> &#8211; An\u00e1lise dos requerimentos de matr\u00edcula pelos colegiados dos cursos de gradua\u00e7\u00e3o: <strong>25 e 26 de setembro.<\/strong><\/li>\n<li><strong>3\u00ba Fase<\/strong> &#8211; Requerimento de matr\u00edcula em Forma\u00e7\u00e3o Livre (n\u00facleo geral), Forma\u00e7\u00e3o Complementar Aberta e Forma\u00e7\u00e3o Transversal (n\u00facleo complementar): <strong>30\/09 a 01\/10<\/strong>.<\/li>\n<\/ul>\n<p><span style=\"font-size: 18pt; color: #ff0000;\"><strong>ACERTO EXCLUSIVAMENTE PRESENCIAL JUNTO AO COLEGIADO DE GRADUA\u00c7\u00c3O: 30\/09 a 04\/10<\/strong><\/span><\/p>\n","protected":false},"excerpt":{"rendered":"<p>Prezados(as) alunos(as), Gentileza ficarem atentos aos prazos relacionados \u00e0 matr\u00edcula no semestre de 2024\/2. 1\u00ba Fase &#8211; Envio do requerimento de matr\u00edcula online: 09 a 11 de setembro. 1\u00ba Fase&hellip;<\/p>\n","protected":false},"author":11,"featured_media":0,"comment_status":"closed","ping_status":"open","sticky":true,"template":"","format":"standard","meta":{"footnotes":""},"categories":[6],"tags":[],"class_list":["post-10776","post","type-post","status-publish","format-standard","hentry","category-colegiado"],"publishpress_future_action":{"enabled":false,"date":"2026-05-07 02:25:07","action":"change-status","newStatus":"draft","terms":[],"taxonomy":"category","extraData":[]},"publishpress_future_workflow_manual_trigger":{"enabledWorkflows":[]},"_links":{"self":[{"href":"https:\/\/colgrad.direito.ufmg.br\/index.php?rest_route=\/wp\/v2\/posts\/10776","targetHints":{"allow":["GET"]}}],"collection":[{"href":"https:\/\/colgrad.direito.ufmg.br\/index.php?rest_route=\/wp\/v2\/posts"}],"about":[{"href":"https:\/\/colgrad.direito.ufmg.br\/index.php?rest_route=\/wp\/v2\/types\/post"}],"author":[{"embeddable":true,"href":"https:\/\/colgrad.direito.ufmg.br\/index.php?rest_route=\/wp\/v2\/users\/11"}],"replies":[{"embeddable":true,"href":"https:\/\/colgrad.direito.ufmg.br\/index.php?rest_route=%2Fwp%2Fv2%2Fcomments&post=10776"}],"version-history":[{"count":3,"href":"https:\/\/colgrad.direito.ufmg.br\/index.php?rest_route=\/wp\/v2\/posts\/10776\/revisions"}],"predecessor-version":[{"id":11386,"href":"https:\/\/colgrad.direito.ufmg.br\/index.php?rest_route=\/wp\/v2\/posts\/10776\/revisions\/11386"}],"wp:attachment":[{"href":"https:\/\/colgrad.direito.ufmg.br\/index.php?rest_route=%2Fwp%2Fv2%2Fmedia&parent=10776"}],"wp:term":[{"taxonomy":"category","embeddable":true,"href":"https:\/\/colgrad.direito.ufmg.br\/index.php?rest_route=%2Fwp%2Fv2%2Fcategories&post=10776"},{"taxonomy":"post_tag","embeddable":true,"href":"https:\/\/colgrad.direito.ufmg.br\/index.php?rest_route=%2Fwp%2Fv2%2Ftags&post=10776"}],"curies":[{"name":"wp","href":"https:\/\/api.w.org\/{rel}","templated":true}]}}