{"id":11726,"date":"2024-10-18T11:44:09","date_gmt":"2024-10-18T14:44:09","guid":{"rendered":"https:\/\/colgrad.direito.ufmg.br\/?p=11726"},"modified":"2024-10-18T11:44:09","modified_gmt":"2024-10-18T14:44:09","slug":"quadro-de-vagas-remanescentes-1o-periodo-de-2025","status":"publish","type":"post","link":"https:\/\/colgrad.direito.ufmg.br\/?p=11726","title":{"rendered":"QUADRO DE VAGAS REMANESCENTES &#8211; 1\u00ba per\u00edodo de 2025"},"content":{"rendered":"<p><span style=\"font-size: 14pt;\">Prezados(as),<\/span><\/p>\n<p><span style=\"font-size: 14pt;\">Conforme o quadro de vagas remanescentes, divulgado pelo DRCA visando o per\u00edodo letivo de 2025\/1, <strong>n\u00e3o h\u00e1 vagas dispon\u00edveis para Mudan\u00e7a de Turno e Continuidade de Estudos para o Curso de Direito<\/strong>.<\/span><\/p>\n<p>Link da divulga\u00e7\u00e3o no site da universidade a seguir: <em>https:\/\/www2.ufmg.br\/drca\/drca\/Home\/Graduacao\/Continuidade-de-Estudos\/Quadro-de-vagas<\/em><\/p>\n<p><a href=\"https:\/\/colgrad.direito.ufmg.br\/wp-content\/uploads\/2024\/10\/QUADRO-DE-VAGAS-REMANESCENTES-APROVADO-PARA-INGRESSO-NO-1o-PERIODO-LETIVO-DE-2025.pdf\">QUADRO DE VAGAS REMANESCENTES APROVADO PARA INGRESSO NO 1\u00ba PER\u00cdODO LETIVO DE 2025<\/a><\/p>\n<p>&nbsp;<\/p>\n","protected":false},"excerpt":{"rendered":"<p>Prezados(as), Conforme o quadro de vagas remanescentes, divulgado pelo DRCA visando o per\u00edodo letivo de 2025\/1, n\u00e3o h\u00e1 vagas dispon\u00edveis para Mudan\u00e7a de Turno e Continuidade de Estudos para o&hellip;<\/p>\n","protected":false},"author":11,"featured_media":0,"comment_status":"closed","ping_status":"open","sticky":true,"template":"","format":"standard","meta":{"footnotes":""},"categories":[6],"tags":[],"class_list":["post-11726","post","type-post","status-publish","format-standard","hentry","category-colegiado"],"publishpress_future_action":{"enabled":false,"date":"2026-05-08 08:10:01","action":"change-status","newStatus":"draft","terms":[],"taxonomy":"category","extraData":[]},"publishpress_future_workflow_manual_trigger":{"enabledWorkflows":[]},"_links":{"self":[{"href":"https:\/\/colgrad.direito.ufmg.br\/index.php?rest_route=\/wp\/v2\/posts\/11726","targetHints":{"allow":["GET"]}}],"collection":[{"href":"https:\/\/colgrad.direito.ufmg.br\/index.php?rest_route=\/wp\/v2\/posts"}],"about":[{"href":"https:\/\/colgrad.direito.ufmg.br\/index.php?rest_route=\/wp\/v2\/types\/post"}],"author":[{"embeddable":true,"href":"https:\/\/colgrad.direito.ufmg.br\/index.php?rest_route=\/wp\/v2\/users\/11"}],"replies":[{"embeddable":true,"href":"https:\/\/colgrad.direito.ufmg.br\/index.php?rest_route=%2Fwp%2Fv2%2Fcomments&post=11726"}],"version-history":[{"count":1,"href":"https:\/\/colgrad.direito.ufmg.br\/index.php?rest_route=\/wp\/v2\/posts\/11726\/revisions"}],"predecessor-version":[{"id":11728,"href":"https:\/\/colgrad.direito.ufmg.br\/index.php?rest_route=\/wp\/v2\/posts\/11726\/revisions\/11728"}],"wp:attachment":[{"href":"https:\/\/colgrad.direito.ufmg.br\/index.php?rest_route=%2Fwp%2Fv2%2Fmedia&parent=11726"}],"wp:term":[{"taxonomy":"category","embeddable":true,"href":"https:\/\/colgrad.direito.ufmg.br\/index.php?rest_route=%2Fwp%2Fv2%2Fcategories&post=11726"},{"taxonomy":"post_tag","embeddable":true,"href":"https:\/\/colgrad.direito.ufmg.br\/index.php?rest_route=%2Fwp%2Fv2%2Ftags&post=11726"}],"curies":[{"name":"wp","href":"https:\/\/api.w.org\/{rel}","templated":true}]}}