{"id":11782,"date":"2024-10-23T16:27:13","date_gmt":"2024-10-23T19:27:13","guid":{"rendered":"https:\/\/colgrad.direito.ufmg.br\/?p=11782"},"modified":"2024-10-23T16:27:13","modified_gmt":"2024-10-23T19:27:13","slug":"reconhecimento-de-estagio-2024-2-concluintes-2024-2","status":"publish","type":"post","link":"https:\/\/colgrad.direito.ufmg.br\/?p=11782","title":{"rendered":"RECONHECIMENTO DE EST\u00c1GIO 2024\/2 &#8211; CONCLUINTES 2024\/2"},"content":{"rendered":"<div class=\"entry-content\">\n<p><strong>Alunos<\/strong> Concluintes<strong> no 2\u00basemestre de 2024<br \/>\n<\/strong><\/p>\n<p>ATEN\u00c7\u00c3O \u2013 CONFIRAM AQUI AS ORIENTA\u00c7\u00d5ES PARA O PEDIDO DE RECONHECIMENTO DE EST\u00c1GIO.<\/p>\n<p>O prazo para pedidos de reconhecimento de est\u00e1gio para os concluintes no 1\u00ba semestre de 2024 estar\u00e1 aberto no per\u00edodo de <strong>29\/10\/2024 a 08\/11\/2024 .<br \/>\n<\/strong><\/p>\n<p>Os alunos que <strong>n\u00e3o completarem as horas at\u00e9 o prazo final,<\/strong> poder\u00e3o enviar a documenta\u00e7\u00e3o at\u00e9<strong> 30\/01\/2025\u00a0<\/strong> ou seja at\u00e9 10 dias\u00a0 antes do encerramento do semestre\u00a0 .<\/p>\n<p>Documentos enviados <strong>FORA DO PRAZO<\/strong> ou sem a documenta\u00e7\u00e3o completa \u00a0<strong>N\u00c3O SER\u00c3O ANALISADOS.<\/strong><\/p>\n<p>O resultado ser\u00e1 divulgado no site do Colegiado, em at\u00e9 10 dias,<strong> ap\u00f3s o encerramento do prazo final.<\/strong><\/p>\n<p>A documenta\u00e7\u00e3o necess\u00e1ria, para o reconhecimento, bem como o formul\u00e1rio poder\u00e3o ser acessados em <a href=\"https:\/\/colgrad.direito.ufmg.br\/?page_id=126\" target=\"_blank\" rel=\"noopener\">h<\/a><a href=\"https:\/\/colgrad.direito.ufmg.br\/wp-content\/uploads\/2024\/10\/DOCUMENTOS-NECESSARIOS-PARA-O-PROCESSO-DE-RECONHECIMENTO-DE-ESTAGIO.pdf\">ttps:\/\/colgrad.direito.ufmg.br\/?page_id=126\u00a0.<\/a><\/p>\n<p><span style=\"font-size: 14pt;\"><strong>Os pedidos de reconhecimento de est\u00e1gio dever\u00e3o ser enviados EXCLUSIVAMENTE para o e-mail: <a href=\"mailto:reconhecimentonpj@direito.ufmg.br\">reconhecimentonpj@direito.ufmg.br<\/a> e no assunto dever\u00e1 ser informado obrigatoriamente NOME e MATR\u00cdCULA do aluno(a).<\/strong><\/span><\/p>\n<p>NPJ<\/p>\n<\/div>\n","protected":false},"excerpt":{"rendered":"<p>Alunos Concluintes no 2\u00basemestre de 2024 ATEN\u00c7\u00c3O \u2013 CONFIRAM AQUI AS ORIENTA\u00c7\u00d5ES PARA O PEDIDO DE RECONHECIMENTO DE EST\u00c1GIO. O prazo para pedidos de reconhecimento de est\u00e1gio para os concluintes&hellip;<\/p>\n","protected":false},"author":8,"featured_media":0,"comment_status":"closed","ping_status":"open","sticky":true,"template":"","format":"standard","meta":{"footnotes":""},"categories":[6],"tags":[],"class_list":["post-11782","post","type-post","status-publish","format-standard","hentry","category-colegiado"],"publishpress_future_action":{"enabled":false,"date":"2026-05-06 08:51:36","action":"change-status","newStatus":"draft","terms":[],"taxonomy":"category","extraData":[]},"publishpress_future_workflow_manual_trigger":{"enabledWorkflows":[]},"_links":{"self":[{"href":"https:\/\/colgrad.direito.ufmg.br\/index.php?rest_route=\/wp\/v2\/posts\/11782","targetHints":{"allow":["GET"]}}],"collection":[{"href":"https:\/\/colgrad.direito.ufmg.br\/index.php?rest_route=\/wp\/v2\/posts"}],"about":[{"href":"https:\/\/colgrad.direito.ufmg.br\/index.php?rest_route=\/wp\/v2\/types\/post"}],"author":[{"embeddable":true,"href":"https:\/\/colgrad.direito.ufmg.br\/index.php?rest_route=\/wp\/v2\/users\/8"}],"replies":[{"embeddable":true,"href":"https:\/\/colgrad.direito.ufmg.br\/index.php?rest_route=%2Fwp%2Fv2%2Fcomments&post=11782"}],"version-history":[{"count":3,"href":"https:\/\/colgrad.direito.ufmg.br\/index.php?rest_route=\/wp\/v2\/posts\/11782\/revisions"}],"predecessor-version":[{"id":11785,"href":"https:\/\/colgrad.direito.ufmg.br\/index.php?rest_route=\/wp\/v2\/posts\/11782\/revisions\/11785"}],"wp:attachment":[{"href":"https:\/\/colgrad.direito.ufmg.br\/index.php?rest_route=%2Fwp%2Fv2%2Fmedia&parent=11782"}],"wp:term":[{"taxonomy":"category","embeddable":true,"href":"https:\/\/colgrad.direito.ufmg.br\/index.php?rest_route=%2Fwp%2Fv2%2Fcategories&post=11782"},{"taxonomy":"post_tag","embeddable":true,"href":"https:\/\/colgrad.direito.ufmg.br\/index.php?rest_route=%2Fwp%2Fv2%2Ftags&post=11782"}],"curies":[{"name":"wp","href":"https:\/\/api.w.org\/{rel}","templated":true}]}}