{"id":11862,"date":"2024-10-30T17:28:14","date_gmt":"2024-10-30T20:28:14","guid":{"rendered":"https:\/\/colgrad.direito.ufmg.br\/?p=11862"},"modified":"2024-10-30T17:50:10","modified_gmt":"2024-10-30T20:50:10","slug":"monitoria-do-colgrad-projeto-somos-parceiros-prae-nai","status":"publish","type":"post","link":"https:\/\/colgrad.direito.ufmg.br\/?p=11862","title":{"rendered":"Edital 02\/2024 &#8211; Monitoria do COLGRAD &#8211; Projeto Somos Parceiros PRAE\/NAI"},"content":{"rendered":"<p>Confira aqui o Edital 02\/2024 para preenchimento da vaga de monitor(a) da disciplina Direito Processual Civil II<\/p>\n<p><!--more--><\/p>\n<p>Para realizar a inscri\u00e7\u00e3o, os alunos interessados dever\u00e3o protocolar, na Secretaria do Colegiado, a ficha de inscri\u00e7\u00e3o a seguir acompanhada da c\u00f3pia dos documentos nela indicados.<\/p>\n<p><a href=\"https:\/\/colgrad.direito.ufmg.br\/wp-content\/uploads\/2024\/10\/Edital-2-2024-Somos-Parceiros.pdf\">Edital 02\/2024 &#8211; Monitoria Somos Parceiros<\/a><\/p>\n<p><a href=\"https:\/\/colgrad.direito.ufmg.br\/wp-content\/uploads\/2024\/10\/FICHA-INSCRICAO-MONITORIA-1.pdf\">FICHA INSCRI\u00c7\u00c3O MONITORIA<\/a><\/p>\n","protected":false},"excerpt":{"rendered":"<p>Confira aqui o Edital 02\/2024 para preenchimento da vaga de monitor(a) da disciplina Direito Processual Civil II<\/p>\n","protected":false},"author":12,"featured_media":0,"comment_status":"closed","ping_status":"open","sticky":true,"template":"","format":"standard","meta":{"footnotes":""},"categories":[6],"tags":[],"class_list":["post-11862","post","type-post","status-publish","format-standard","hentry","category-colegiado"],"publishpress_future_action":{"enabled":false,"date":"2026-05-06 09:40:17","action":"change-status","newStatus":"draft","terms":[],"taxonomy":"category","extraData":[]},"publishpress_future_workflow_manual_trigger":{"enabledWorkflows":[]},"_links":{"self":[{"href":"https:\/\/colgrad.direito.ufmg.br\/index.php?rest_route=\/wp\/v2\/posts\/11862","targetHints":{"allow":["GET"]}}],"collection":[{"href":"https:\/\/colgrad.direito.ufmg.br\/index.php?rest_route=\/wp\/v2\/posts"}],"about":[{"href":"https:\/\/colgrad.direito.ufmg.br\/index.php?rest_route=\/wp\/v2\/types\/post"}],"author":[{"embeddable":true,"href":"https:\/\/colgrad.direito.ufmg.br\/index.php?rest_route=\/wp\/v2\/users\/12"}],"replies":[{"embeddable":true,"href":"https:\/\/colgrad.direito.ufmg.br\/index.php?rest_route=%2Fwp%2Fv2%2Fcomments&post=11862"}],"version-history":[{"count":8,"href":"https:\/\/colgrad.direito.ufmg.br\/index.php?rest_route=\/wp\/v2\/posts\/11862\/revisions"}],"predecessor-version":[{"id":11876,"href":"https:\/\/colgrad.direito.ufmg.br\/index.php?rest_route=\/wp\/v2\/posts\/11862\/revisions\/11876"}],"wp:attachment":[{"href":"https:\/\/colgrad.direito.ufmg.br\/index.php?rest_route=%2Fwp%2Fv2%2Fmedia&parent=11862"}],"wp:term":[{"taxonomy":"category","embeddable":true,"href":"https:\/\/colgrad.direito.ufmg.br\/index.php?rest_route=%2Fwp%2Fv2%2Fcategories&post=11862"},{"taxonomy":"post_tag","embeddable":true,"href":"https:\/\/colgrad.direito.ufmg.br\/index.php?rest_route=%2Fwp%2Fv2%2Ftags&post=11862"}],"curies":[{"name":"wp","href":"https:\/\/api.w.org\/{rel}","templated":true}]}}