{"id":12069,"date":"2026-02-19T07:08:56","date_gmt":"2026-02-19T10:08:56","guid":{"rendered":"https:\/\/colgrad.direito.ufmg.br\/?p=12069"},"modified":"2026-02-23T17:19:10","modified_gmt":"2026-02-23T20:19:10","slug":"inscricoes-abertas-para-colacao-de-grau-2024-2o","status":"publish","type":"post","link":"https:\/\/colgrad.direito.ufmg.br\/?p=12069","title":{"rendered":"COLA\u00c7\u00c3O DE GRAU 2025\/2\u00ba- Informes e Rela\u00e7\u00e3o de Aptos"},"content":{"rendered":"<p align=\"center\">Confira a rela\u00e7\u00e3o de alunos <a href=\"https:\/\/colgrad.direito.ufmg.br\/wp-content\/uploads\/2026\/02\/APTOS-DIURNO-SITE.pdf\">Aptos Diurno<\/a><a href=\"https:\/\/colgrad.direito.ufmg.br\/wp-content\/uploads\/2026\/01\/APTOS-DIURNO-2025-2.pdf\">\u00a0<\/a><a href=\"https:\/\/colgrad.direito.ufmg.br\/wp-content\/uploads\/2026\/01\/APTOS-DIURNO-SITE-1.pdf\">\u00a0<\/a> e <a href=\"https:\/\/colgrad.direito.ufmg.br\/wp-content\/uploads\/2026\/02\/Aptos-Noturno-2.pdf\">Aptos Noturno<\/a>\u00a0para a cola\u00e7\u00e3o de grau do 2\u00ba semestre de 2025.<\/p>\n<p class=\"western\" align=\"center\"><span style=\"font-family: Calibri, serif;\"><span style=\"font-size: large;\"><b>INFORMES: COLA\u00c7\u00c3O DE GRAU (solenidade oficial) <\/b><\/span><\/span><\/p>\n<p class=\"western\" align=\"center\"><span style=\"font-family: Calibri, serif;\"><span style=\"font-size: large;\"><b>Curso: <\/b><\/span><\/span><span style=\"color: #ff0000;\"><span style=\"font-family: Calibri, serif;\"><span style=\"font-size: large;\"><b>Direito<\/b><\/span><\/span><\/span><span style=\"font-family: Calibri, serif;\"><span style=\"font-size: large;\"><b> \u2013 Turno: <\/b><\/span><\/span><span style=\"color: #ff0000;\"><span style=\"font-family: Calibri, serif;\"><span style=\"font-size: large;\"><b>DIURNO &#8211;\u00a0<\/b><\/span><\/span><\/span><span style=\"font-family: Calibri, serif;\"><span style=\"font-size: large;\"><b>2025\/2\u00ba \u2013 Data: <\/b><\/span><\/span><span style=\"color: #ff0000;\"><span style=\"font-family: Calibri, serif;\"><span style=\"font-size: large;\"><b>23\/02\/2026 <\/b><\/span><\/span><\/span><span style=\"font-family: Calibri, serif;\"><span style=\"font-size: large;\"><b>\u2013 Hor\u00e1rio: <\/b><\/span><\/span><span style=\"color: #ff0000;\"><span style=\"font-family: Calibri, serif;\"><span style=\"font-size: large;\"><b>18h<\/b><\/span><\/span><\/span><b> <\/b><\/p>\n<p class=\"western\" align=\"center\"><span style=\"font-family: Calibri, serif;\"><span style=\"font-size: large;\"><b>Curso: Direito \u2013 Turno: <span style=\"color: #ff0000;\">NOTURNO<\/span> &#8211;\u00a0<\/b><\/span><\/span><span style=\"font-family: Calibri, serif;\"><span style=\"font-size: large;\"><b>2025\/2\u00ba \u2013 Data: <span style=\"color: #ff0000;\">24\/02\/2026<\/span> \u2013 Hor\u00e1rio: <\/b><\/span><\/span><span style=\"color: #ff0000;\"><span style=\"font-family: Calibri, serif;\"><span style=\"font-size: large;\"><b>18h <\/b><\/span><\/span><\/span><\/p>\n<p class=\"western\" align=\"center\"><span style=\"font-family: Calibri, serif;\"><span style=\"font-size: large;\"><b>Local: <\/b><\/span><\/span><span style=\"color: #ff0000;\"><span style=\"font-family: Calibri, serif;\"><span style=\"font-size: large;\"><i><b>Auditorium Maximus Alberto Deodato &#8211; Faculdade de Direito da UFMG<\/b><\/i><\/span><\/span><\/span><i><b><\/b><\/i><\/p>\n<p align=\"justify\"><span style=\"font-family: Calibri, serif;\">Para participar da solenidade de Cola\u00e7\u00e3o de Grau s\u00e3o indispens\u00e1veis os seguintes requisitos:<\/span><\/p>\n<ol type=\"a\">\n<li>\n<p align=\"justify\"><span style=\"font-family: Calibri, serif;\">que a carga hor\u00e1ria esteja totalmente integralizada e lan\u00e7ada no sistema SIGA, devendo, ainda, ser <\/span><span style=\"font-family: Calibri, serif;\">confirmada a habilita\u00e7\u00e3o do discente pela Se\u00e7\u00e3o de Ensino (Direito) \u00e0 Diretoria<\/span><span style=\"font-family: Calibri, serif;\">;<\/span><\/p>\n<\/li>\n<li>\n<p align=\"justify\"><span style=\"font-family: Calibri, serif;\">regularidade do bacharelando em rela\u00e7\u00e3o \u00e0 Biblioteca;<\/span><\/p>\n<\/li>\n<li>\n<p align=\"justify\"><span style=\"font-family: Calibri, serif;\">regularidade junto ao ENADE, se for o caso;<\/span><\/p>\n<\/li>\n<li>\n<p align=\"justify\"><span style=\"font-family: Calibri, serif;\">que o nome do bacharelando conste na lista da Se\u00e7\u00e3o de Ensino.<\/span><\/p>\n<\/li>\n<\/ol>\n<p class=\"western\" align=\"justify\"><span style=\"color: #000000;\"><span style=\"font-family: Calibri, serif;\"><u><b>OBSERVA\u00c7\u00d5ES IMPORTANTES<\/b><\/u><\/span><\/span><span style=\"color: #000000;\"><span style=\"font-family: Calibri, serif;\">:<\/span><\/span><\/p>\n<p class=\"western\" align=\"justify\"><span style=\"color: #000000;\"><span style=\"font-family: Calibri, serif;\"><b>DO HOR\u00c1RIO DA SOLENIDADE:\u00a0<\/b><\/span><\/span><span style=\"color: #000000;\"><span style=\"font-family: Calibri, serif;\">\u00a0A solenidade se iniciar\u00e1 \u00e0s 18h, devendo o aluno estar presente \u00e0s 17h. Os bacharelandos que se atrasarem podem n\u00e3o conseguir participar do ato.\u00a0<\/span><\/span><\/p>\n<p class=\"western\" align=\"justify\"><span style=\"color: #000000;\"><span style=\"font-family: Calibri, serif;\"><b>DA ENTRADA E SA\u00cdDA DOS FORMANDOS<\/b><\/span><\/span><span style=\"color: #000000;\"><span style=\"font-family: Calibri, serif;\">: Pedimos a todos que se posicionem em filas e em ordem alfab\u00e9tica, conforme indica\u00e7\u00e3o local, \u00e0 direita da entrada principal do Audit\u00f3rio. Em momento pr\u00f3prio, no in\u00edcio da solenidade, ap\u00f3s a entrada dos convidados, Vossas Senhorias ser\u00e3o convidados a adentrar no audit\u00f3rio e a se posicionarem no local devido.\u00a0Ao t\u00e9rmino da solenidade, V. Sas. deixar\u00e3o o audit\u00f3rio da mesma forma, se direcionando para os locais indicados, a fim de receberem os cumprimentos de seus familiares e amigos.\u00a0<\/span><\/span><\/p>\n<p align=\"justify\"><a name=\"Bookmark\"><\/a><a name=\"Bookmark1\"><\/a> <span style=\"font-family: Calibri, serif;\"><b>DA M\u00daSICA DE ENTRADA E SA\u00cdDA DOS FORMANDOS<\/b>: Pedimos aos Bacharelandos que nos encaminhem,\u00a0<span style=\"color: #ff0000;\"><b>impreterivelmente at\u00e9 09\/02\/2026<\/b><\/span>,\u00a003 (tr\u00eas) \u00fanicas m\u00fasicas que desejam que sejam reproduzidas nos atos\u00a0de entrada, entrega do certificado e sa\u00edda dos formandos,\u00a0acompanhadas dos respectivos links, <u>por meio de correspond\u00eancia eletr\u00f4nica enviada pelo representante da turma<\/u>, \u00e0 Diretoria &lt;<span style=\"color: #0000ff;\"><u>diretoria@direito.ufmg.br<\/u><\/span>&gt; e ao Setor de Audiovisual &lt;<a href=\"mailto:audiovisual@direito.ufmg.br\">audiovisual@direito.ufmg.br<\/a>&gt;.<\/span><\/p>\n<p class=\"western\" align=\"justify\"><span style=\"color: #080808;\"><span style=\"font-family: Calibri, serif;\"><b>DO N\u00daMERO DE CONVIDADOS:<\/b><\/span><\/span><span style=\"color: #080808;\"><span style=\"font-family: Calibri, serif;\">\u00a0tendo em vista o n\u00famero de formandos e a capacidade do audit\u00f3rio (450 lugares), o n\u00famero de convidados se restringe a 05 (cinco) pessoas<\/span><\/span><span style=\"color: #000000;\"><span style=\"font-family: Calibri, serif;\">.<\/span><\/span><\/p>\n<p class=\"western\" align=\"justify\"><span style=\"color: #080808;\"><span style=\"font-family: Calibri, serif;\"><b>DO CUMPRIMENTO DOS NOVOS BACHAR\u00c9IS PELOS CONVIDADOS:\u00a0<\/b><\/span><\/span><span style=\"color: #000000;\"><span style=\"font-family: Calibri, serif;\">Os convidados dever\u00e3o, ao final da cerim\u00f4nia e ap\u00f3s a sa\u00edda dos formandos, se dirigirem ao local indicado pelas letras iniciais dos nomes dos formandos, para cumprimentar os novos Bachar\u00e9is.\u00a0\u00a0<\/span><\/span><\/p>\n<p class=\"western\" align=\"justify\"><span style=\"color: #000000;\"><span style=\"font-family: Calibri, serif;\"><b>DA VESTIMENTA<\/b><\/span><\/span><span style=\"color: #000000;\"><span style=\"font-family: Calibri, serif;\">: Por ser um evento de relev\u00e2ncia na vida profissional e acad\u00eamica dos bacharelandos, solicita-se que todos estejam trajados com o respeito que o momento merece. Sugerimos que os formandos estejam trajados com terno ou camisa social de manga comprida e cal\u00e7a e as formandas estejam trajadas com traje social.<\/span><\/span><\/p>\n<p class=\"western\" align=\"justify\"><span style=\"color: #000000;\"><span style=\"font-family: Calibri, serif;\"><b>DA POSI\u00c7\u00c3O DO BACHARELANDO NO AUDIT\u00d3RIO<\/b><\/span><\/span><span style=\"color: #000000;\"><span style=\"font-family: Calibri, serif;\">: Os bacharelandos ser\u00e3o posicionados nas primeiras fileiras centrais do Audit\u00f3rio durante o ato solene, em espa\u00e7o previamente reservado.<\/span><\/span><\/p>\n<p align=\"justify\"><a name=\"Bookmark2\"><\/a><a name=\"_Hlk202870105\"><\/a> <span style=\"font-family: Times New Roman, serif;\"><span style=\"color: #000000;\"><span style=\"font-family: Calibri, serif;\"><b>DO CONVITE AOS PARANINFOS, PATRONOS E HOMENAGEADOS<\/b><\/span><\/span><span style=\"color: #000000;\"><span style=\"font-family: Calibri, serif;\">: Os bacharelandos devem convidar docentes da Casa para participar do ato solene, como Paraninfos, Patronos, Homenageados da Turma, por exemplo. Os nomes dos docentes que aceitarem o convite devem ser comunicados \u00e0 Diretoria, por meio de correspond\u00eancia eletr\u00f4nica enviada pelo representante da turma, <\/span><\/span><span style=\"color: #ff0000;\"><span style=\"font-family: Calibri, serif;\"><b>impreterivelmente at\u00e9\u00a009\/02\/2026<\/b><\/span><\/span><span style=\"color: #000000;\"><span style=\"font-family: Calibri, serif;\">. No mesmo prazo, dever\u00e1 ser informado qual professor far\u00e1 o uso da palavra, limitado a 05 (cinco) minutos.<\/span><\/span><\/span><\/p>\n<p class=\"western\" align=\"justify\"><span style=\"color: #000000;\"><span style=\"font-family: Calibri, serif;\"><b>DO PROFERIMENTO DO JURAMENTO<\/b><\/span><\/span><span style=\"color: #000000;\"><span style=\"font-family: Calibri, serif;\">: Um dos alunos dever\u00e1\u00a0fazer\u00a0o Juramento, em nome da turma. O nome deve ser previamente comunicado \u00e0 Diretoria, <\/span><\/span><span style=\"color: #000000;\"><span style=\"font-family: Calibri, serif;\"><u>por meio de correspond\u00eancia eletr\u00f4nica enviada pelo representante da turma<\/u><\/span><\/span><span style=\"color: #000000;\"><span style=\"font-family: Calibri, serif;\">, <\/span><\/span><span style=\"color: #ff0000;\"><span style=\"font-family: Calibri, serif;\"><b>impreterivelmente at\u00e9 09\/02\/2026<\/b><\/span><\/span><span style=\"color: #000000;\"><span style=\"font-family: Calibri, serif;\">, para inclus\u00e3o das informa\u00e7\u00f5es no Cerimonial e na Ata.<\/span><\/span><\/p>\n<p class=\"western\" align=\"justify\"><span style=\"color: #000000;\"><span style=\"font-family: Calibri, serif;\"><b>DO PRONUNCIAMENTO DO BACHARELANDO<\/b><\/span><\/span><span style=\"color: #000000;\"><span style=\"font-family: Calibri, serif;\">: Um dos bacharelandos dever\u00e1 falar representando a turma &#8211; tempo de fala limitado a 05 (cinco) minutos. O nome deve ser previamente comunicado \u00e0 Diretoria, <\/span><\/span><span style=\"color: #000000;\"><span style=\"font-family: Calibri, serif;\"><u>por meio de correspond\u00eancia eletr\u00f4nica enviada pelo representante da turma<\/u><\/span><\/span><span style=\"color: #000000;\"><span style=\"font-family: Calibri, serif;\">, <\/span><\/span><span style=\"color: #ff0000;\"><span style=\"font-family: Calibri, serif;\"><b>impreterivelmente at\u00e9 09\/02\/2026<\/b><\/span><\/span><span style=\"font-family: Calibri, serif;\">,<\/span><span style=\"color: #000000;\"><span style=\"font-family: Calibri, serif;\"> para inclus\u00e3o das informa\u00e7\u00f5es no Cerimonial e na Ata.<\/span><\/span><\/p>\n<p align=\"justify\"><span style=\"font-family: Times New Roman, serif;\"><span style=\"color: #000000;\"><span style=\"font-family: Calibri, serif;\"><b>DOS BACHARELANDOS PESSOAS COM DEFICI\u00caNCIA: <\/b><\/span><\/span><span style=\"color: #000000;\"><span style=\"font-family: Calibri, serif;\">Os bacharelandos pessoas com defici\u00eancia (PCD) poder\u00e3o enviar correspond\u00eancia eletr\u00f4nica \u00e0 Diretoria, informando a defici\u00eancia e a sua necessidade para o ato solene, <\/span><\/span><span style=\"color: #ff0000;\"><span style=\"font-family: Calibri, serif;\"><b>impreterivelmente at\u00e9\u00a009\/02\/2026<\/b><\/span><\/span><span style=\"color: #000000;\"><span style=\"font-family: Calibri, serif;\">.<\/span><\/span><\/span><\/p>\n<p align=\"justify\"><span style=\"font-family: Times New Roman, serif;\"><span style=\"color: #000000;\"><span style=\"font-family: Calibri, serif;\"><b>DA COLA\u00c7\u00c3O DE GRAU POR PROCURA\u00c7\u00c3O<\/b><\/span><\/span><span style=\"color: #000000;\"><span style=\"font-family: Calibri, serif;\">: <\/span><\/span><span style=\"color: #000000;\"><span style=\"font-family: Calibri, serif;\"><b>DA COLA\u00c7\u00c3O DE GRAU POR PROCURA\u00c7\u00c3O POR INSTRUMENTO P\u00daBLICO<\/b><\/span><\/span><span style=\"color: #000000;\"><span style=\"font-family: Calibri, serif;\">: \u00e9 poss\u00edvel a cola\u00e7\u00e3o de grau por procura\u00e7\u00e3o por instrumento p\u00fablico, desde que sejam apresentados documentos de identifica\u00e7\u00e3o com foto do bacharelando e do procurador (para ambos, original e c\u00f3pia ou c\u00f3pias dos documentos autenticados em cart\u00f3rio que ficar\u00e3o retidos e anexados \u00e0 ata do ato solene), bem como, a procura\u00e7\u00e3o p\u00fablica (original ou c\u00f3pia autenticada em cart\u00f3rio), cuja documento tamb\u00e9m ficar\u00e1 retido e anexado \u00e0 ata do ato solene. O procurador dever\u00e1 apresentar-se ao Gabinete da Diretoria, entre 14h e 15h no dia da solenidade, acompanhado da documenta\u00e7\u00e3o para confer\u00eancia, registro e adequa\u00e7\u00f5es na ata e Cerimonial. Caso n\u00e3o seja observado o prazo estipulado, a documenta\u00e7\u00e3o n\u00e3o ser\u00e1 recebida e o procurador poder\u00e1 n\u00e3o colar grau em nome do formando. O formando dever\u00e1 enviar correspond\u00eancia eletr\u00f4nica \u00e0 Diretoria comunicando o pedido e, caso queira, a pr\u00e9via da documenta\u00e7\u00e3o referenciada, <\/span><\/span><span style=\"color: #ff0000;\"><span style=\"font-family: Calibri, serif;\"><b>impreterivelmente at\u00e9\u00a009\/02\/2026<\/b><\/span><\/span><span style=\"color: #000000;\"><span style=\"font-family: Calibri, serif;\">.<\/span><\/span><\/span><\/p>\n<p align=\"justify\"><span style=\"font-family: Calibri, serif;\"><b>DAS PROIBI\u00c7\u00d5ES<\/b>: Nas instala\u00e7\u00f5es do Audit\u00f3rio fica PROIBIDO:<\/span><\/p>\n<p align=\"justify\"><span style=\"font-family: Calibri, serif;\">1. Subir no mobili\u00e1rio (poltronas e mesas).<\/span><\/p>\n<p align=\"justify\"><span style=\"font-family: Calibri, serif;\">2. Sentar em qualquer lugar que impe\u00e7a a circula\u00e7\u00e3o e\/ou evacua\u00e7\u00e3o de pessoas em qualquer circunst\u00e2ncia.<\/span><\/p>\n<p align=\"justify\"><span style=\"font-family: Calibri, serif;\">3. Servi\u00e7os de <i>coffee-break<\/i> e outras recep\u00e7\u00f5es na parte interna do Audit\u00f3rio.<\/span><\/p>\n<p align=\"justify\"><span style=\"font-family: Calibri, serif;\">4. <b>Transportar qualquer tipo de bebida e\/ou alimentos para o seu interior, assim como objetos que pela sua configura\u00e7\u00e3o possam danificar o equipamento e\/ou instala\u00e7\u00f5es f\u00edsicas do ambiente, bem como colocar em risco a seguran\u00e7a das pessoas e dos bens patrimoniais<\/b>.<\/span><\/p>\n<p align=\"justify\"><span style=\"font-family: Calibri, serif;\">5. <b>Alimentar-se dentro das depend\u00eancias internas do Audit\u00f3rio<\/b>.<\/span><\/p>\n<p align=\"justify\"><span style=\"font-family: Calibri, serif;\">6. Fumar, utilizar materiais explosivos, inflam\u00e1veis, t\u00f3xicos, nocivos ou qualquer material que possa danificar a decora\u00e7\u00e3o e a estrutura do espa\u00e7o, seu interior ou suas \u00e1reas adjacentes.<\/span><\/p>\n<p align=\"justify\"><span style=\"font-family: Calibri, serif;\">7. Permitir a presen\u00e7a de animais, exceto c\u00e3es-guia.<\/span><\/p>\n<p align=\"justify\"><span style=\"font-family: Calibri, serif;\">8. <b>Arremessar confetes, pap\u00e9is picados, serpentinas e\/ou materiais correlatos<\/b>.<\/span><\/p>\n<p align=\"justify\"><span style=\"font-family: Calibri, serif;\">9. Colocar fitas adesivas (durex, dupla face ou similar) nas paredes internas e externas do Audit\u00f3rio.<\/span><\/p>\n<p class=\"western\" align=\"justify\"><span style=\"color: #000000;\"><span style=\"font-family: Calibri, serif;\">Quaisquer inconsist\u00eancias nas informa\u00e7\u00f5es ou d\u00favidas, gentileza enviar correspond\u00eancia eletr\u00f4nica \u00e0 Diretoria da Unidade, por meio do endere\u00e7o &lt;<\/span><\/span><a href=\"mailto:diretoria@direito.ufmg.br\"><span style=\"font-family: Calibri, serif;\">diretoria@direito.ufmg.br<\/span><\/a><span style=\"color: #000000;\"><span style=\"font-family: Calibri, serif;\">&gt;, <\/span><\/span><span style=\"color: #ff0000;\"><span style=\"font-family: Calibri, serif;\"><b>impreterivelmente at\u00e9 18\/02\/2026<\/b><\/span><\/span><span style=\"color: #000000;\"><span style=\"font-family: Calibri, serif;\">. <\/span><\/span><\/p>\n<p class=\"western\" align=\"right\"><span style=\"font-family: Calibri, serif;\">Contato:<\/span><\/p>\n<p class=\"western\" align=\"right\"><span style=\"font-family: Calibri, serif;\">Cl\u00e1udia Queiroz de Almeida<br \/>\nSecret\u00e1ria-Geral &#8211; Gabinete da Diretoria<br \/>\nFaculdade de Direito da UFMG<br \/>\nTelefones: (31) 3409-8604 \/ (31) 98465-9691<\/span><\/p>\n<p class=\"western\" align=\"right\"><span style=\"color: #000000;\"><span style=\"font-family: Calibri, serif;\">E-mail para contato: &lt;<\/span><\/span><a href=\"mailto:diretoria@direito.ufmg.br\"><span style=\"font-family: Calibri, serif;\">diretoria@direito.ufmg.br<\/span><\/a><span style=\"color: #000000;\"><span style=\"font-family: Calibri, serif;\">&gt;<\/span><\/span><\/p>\n<h1><\/h1>\n<h1 class=\"page-title\" style=\"text-align: center;\"><span style=\"color: #ff0000; font-family: arial, helvetica, sans-serif;\"><strong>Cola\u00e7\u00e3o de Grau &#8211; 2025\/2\u00a0\u00a0<\/strong><\/span><\/h1>\n<p style=\"text-align: center;\"><span style=\"color: #993300; font-size: 14pt;\"><strong>As inscri\u00e7\u00f5es para a cola\u00e7\u00e3o de grau dos prov\u00e1veis concluintes da Gradua\u00e7\u00e3o do 2\u00ba per\u00edodo letivo de 2025 ocorreram no per\u00edodo de 13 a 17 de outubro\/2025.<\/strong><\/span><\/p>\n<p>Os alunos que ir\u00e3o concluir o curso dever\u00e3o encaminhar o\u00a0<a href=\"https:\/\/colgrad.direito.ufmg.br\/wp-content\/uploads\/2025\/01\/FORMULARIO-COLACAO-DE-GRAU.pdf\">FORMUL\u00c1RIO \u2013 COLA\u00c7\u00c3O DE GRAU<\/a>\u00a0devidamente preenchido para a Se\u00e7\u00e3o de Ensino somente pelo e-mail:\u00a0<strong>sensino@direito.ufmg.br<\/strong>, com o t\u00edtulo:<strong>\u00a0\u201cInscri\u00e7\u00e3o Cola\u00e7\u00e3o de Grau\u201d, nome completo e n\u00famero de matr\u00edcula.<\/strong><\/p>\n<blockquote>\n<p style=\"text-align: center;\"><span style=\"color: #ff0000; font-size: 24pt;\"><strong>Sem a inscri\u00e7\u00e3o n\u00e3o h\u00e1 como garantir a participa\u00e7\u00e3o na cerim\u00f4nia de cola\u00e7\u00e3o de grau.<\/strong><\/span><\/p>\n<\/blockquote>\n<p>&nbsp;<\/p>\n<p>&nbsp;<\/p>\n","protected":false},"excerpt":{"rendered":"<p>Confira a rela\u00e7\u00e3o de alunos Aptos Diurno\u00a0\u00a0 e Aptos Noturno\u00a0para a cola\u00e7\u00e3o de grau do 2\u00ba semestre de 2025. INFORMES: COLA\u00c7\u00c3O DE GRAU (solenidade oficial) Curso: Direito \u2013 Turno: DIURNO&hellip;<\/p>\n","protected":false},"author":2,"featured_media":0,"comment_status":"closed","ping_status":"open","sticky":true,"template":"","format":"standard","meta":{"footnotes":""},"categories":[6],"tags":[],"class_list":["post-12069","post","type-post","status-publish","format-standard","hentry","category-colegiado"],"publishpress_future_action":{"enabled":false,"date":"2026-05-08 08:10:00","action":"change-status","newStatus":"draft","terms":[],"taxonomy":"category","extraData":[]},"publishpress_future_workflow_manual_trigger":{"enabledWorkflows":[]},"_links":{"self":[{"href":"https:\/\/colgrad.direito.ufmg.br\/index.php?rest_route=\/wp\/v2\/posts\/12069","targetHints":{"allow":["GET"]}}],"collection":[{"href":"https:\/\/colgrad.direito.ufmg.br\/index.php?rest_route=\/wp\/v2\/posts"}],"about":[{"href":"https:\/\/colgrad.direito.ufmg.br\/index.php?rest_route=\/wp\/v2\/types\/post"}],"author":[{"embeddable":true,"href":"https:\/\/colgrad.direito.ufmg.br\/index.php?rest_route=\/wp\/v2\/users\/2"}],"replies":[{"embeddable":true,"href":"https:\/\/colgrad.direito.ufmg.br\/index.php?rest_route=%2Fwp%2Fv2%2Fcomments&post=12069"}],"version-history":[{"count":60,"href":"https:\/\/colgrad.direito.ufmg.br\/index.php?rest_route=\/wp\/v2\/posts\/12069\/revisions"}],"predecessor-version":[{"id":16437,"href":"https:\/\/colgrad.direito.ufmg.br\/index.php?rest_route=\/wp\/v2\/posts\/12069\/revisions\/16437"}],"wp:attachment":[{"href":"https:\/\/colgrad.direito.ufmg.br\/index.php?rest_route=%2Fwp%2Fv2%2Fmedia&parent=12069"}],"wp:term":[{"taxonomy":"category","embeddable":true,"href":"https:\/\/colgrad.direito.ufmg.br\/index.php?rest_route=%2Fwp%2Fv2%2Fcategories&post=12069"},{"taxonomy":"post_tag","embeddable":true,"href":"https:\/\/colgrad.direito.ufmg.br\/index.php?rest_route=%2Fwp%2Fv2%2Ftags&post=12069"}],"curies":[{"name":"wp","href":"https:\/\/api.w.org\/{rel}","templated":true}]}}