{"id":12073,"date":"2024-12-02T11:31:37","date_gmt":"2024-12-02T14:31:37","guid":{"rendered":"https:\/\/colgrad.direito.ufmg.br\/?p=12073"},"modified":"2024-12-02T11:32:10","modified_gmt":"2024-12-02T14:32:10","slug":"prazo-reconhecimento-de-estagio-nao-concluintes","status":"publish","type":"post","link":"https:\/\/colgrad.direito.ufmg.br\/?p=12073","title":{"rendered":"PRAZO RECONHECIMENTO DE EST\u00c1GIO &#8211; N\u00c3O CONCLUINTES"},"content":{"rendered":"<p><strong>Alunos\u00a0 n\u00e3o concluintes<br \/>\n<\/strong><\/p>\n<p>O prazo para pedidos de reconhecimento de est\u00e1gio para os alunos n\u00e3o concluintes no 2\u00ba semestre de 2024 estar\u00e1 aberto no per\u00edodo de<strong> 09\/12\/2024 a 13\/12\/2024 .<\/strong><\/p>\n<p>Documentos enviados FORA DO PRAZO ou que n\u00e3o sigam as orienta\u00e7\u00f5es\u00a0<strong>N\u00c3O SER\u00c3O ANALISADOS.<\/strong><\/p>\n<p><strong>O resultado ser\u00e1 divulgado no site do Colegiado, em at\u00e9 10 dias,\u00a0ap\u00f3s o encerramento do prazo final.<\/strong><\/p>\n<p>A documenta\u00e7\u00e3o necess\u00e1ria, para o reconhecimento, bem como formul\u00e1rio poder\u00e3o ser acessados em\u00a0<a href=\"https:\/\/colgrad.direito.ufmg.br\/?page_id=126\" target=\"_blank\" rel=\"noopener\">https:\/\/colgrad.direito.ufmg.br\/?page_id=126<\/a>\u00a0.<\/p>\n<p><span style=\"font-size: 14pt;\">Os pedidos de reconhecimento de est\u00e1gio dever\u00e3o ser enviados\u00a0<strong>EXCLUSIVAMENTE<\/strong> para o email:\u00a0<a href=\"mailto:reconhecimentonpj@direito.ufmg.br\">reconhecimentonpj@direito.ufmg.br<\/a>\u00a0<span style=\"color: #ff0000;\"><strong>e no assunto dever\u00e1 ser\u00a0informado obrigatoriamente NOME e MATR\u00cdCULA do\u00a0aluno(a).<\/strong><\/span><\/span><\/p>\n<p>NPJ<\/p>\n","protected":false},"excerpt":{"rendered":"<p>Alunos\u00a0 n\u00e3o concluintes O prazo para pedidos de reconhecimento de est\u00e1gio para os alunos n\u00e3o concluintes no 2\u00ba semestre de 2024 estar\u00e1 aberto no per\u00edodo de 09\/12\/2024 a 13\/12\/2024 .&hellip;<\/p>\n","protected":false},"author":8,"featured_media":0,"comment_status":"closed","ping_status":"open","sticky":true,"template":"","format":"standard","meta":{"footnotes":""},"categories":[6],"tags":[],"class_list":["post-12073","post","type-post","status-publish","format-standard","hentry","category-colegiado"],"publishpress_future_action":{"enabled":false,"date":"2026-05-07 02:25:08","action":"change-status","newStatus":"draft","terms":[],"taxonomy":"category","extraData":[]},"publishpress_future_workflow_manual_trigger":{"enabledWorkflows":[]},"_links":{"self":[{"href":"https:\/\/colgrad.direito.ufmg.br\/index.php?rest_route=\/wp\/v2\/posts\/12073","targetHints":{"allow":["GET"]}}],"collection":[{"href":"https:\/\/colgrad.direito.ufmg.br\/index.php?rest_route=\/wp\/v2\/posts"}],"about":[{"href":"https:\/\/colgrad.direito.ufmg.br\/index.php?rest_route=\/wp\/v2\/types\/post"}],"author":[{"embeddable":true,"href":"https:\/\/colgrad.direito.ufmg.br\/index.php?rest_route=\/wp\/v2\/users\/8"}],"replies":[{"embeddable":true,"href":"https:\/\/colgrad.direito.ufmg.br\/index.php?rest_route=%2Fwp%2Fv2%2Fcomments&post=12073"}],"version-history":[{"count":2,"href":"https:\/\/colgrad.direito.ufmg.br\/index.php?rest_route=\/wp\/v2\/posts\/12073\/revisions"}],"predecessor-version":[{"id":12075,"href":"https:\/\/colgrad.direito.ufmg.br\/index.php?rest_route=\/wp\/v2\/posts\/12073\/revisions\/12075"}],"wp:attachment":[{"href":"https:\/\/colgrad.direito.ufmg.br\/index.php?rest_route=%2Fwp%2Fv2%2Fmedia&parent=12073"}],"wp:term":[{"taxonomy":"category","embeddable":true,"href":"https:\/\/colgrad.direito.ufmg.br\/index.php?rest_route=%2Fwp%2Fv2%2Fcategories&post=12073"},{"taxonomy":"post_tag","embeddable":true,"href":"https:\/\/colgrad.direito.ufmg.br\/index.php?rest_route=%2Fwp%2Fv2%2Ftags&post=12073"}],"curies":[{"name":"wp","href":"https:\/\/api.w.org\/{rel}","templated":true}]}}