{"id":12574,"date":"2025-01-23T20:44:13","date_gmt":"2025-01-23T23:44:13","guid":{"rendered":"https:\/\/colgrad.direito.ufmg.br\/?p=12574"},"modified":"2025-01-23T20:44:13","modified_gmt":"2025-01-23T23:44:13","slug":"comunicado-aosas-alunosas","status":"publish","type":"post","link":"https:\/\/colgrad.direito.ufmg.br\/?p=12574","title":{"rendered":"Comunicado aos(\u00e0s) alunos(as)"},"content":{"rendered":"<p align=\"center\"><span style=\"color: #f10d0c;\"><span style=\"font-family: Segoe Script, cursive;\">CAROS ESTUDANTES,<\/span><\/span><\/p>\n<p><span style=\"font-family: Segoe Script, cursive;\">Estamos chegando em mais um final de semestre e logo teremos o per\u00edodo de matr\u00edcula.<\/span><\/p>\n<p><span style=\"font-family: Segoe Script, cursive;\">Voc\u00eas conhecem a p\u00e1gina do Colegiado de Gradua\u00e7\u00e3o?<\/span><\/p>\n<p align=\"center\"><span style=\"color: #f10d0c;\"><span style=\"font-family: Segoe Script, cursive;\">colgrad.direito.ufmg.br<\/span><\/span><\/p>\n<p><span style=\"font-family: Segoe Script, cursive;\">Nela est\u00e3o divulgadas informa\u00e7\u00f5es sobre TCC, ACG, Programas das disciplinas.<\/span><\/p>\n<p><span style=\"font-family: Segoe Script, cursive;\">Vale a pena atualizar-se nesse per\u00edodo inter-semestres para n\u00e3o perder nenhum prazo importante! <span style=\"color: #f10d0c;\">Os prazos est\u00e3o apostos no Calend\u00e1rio Acad\u00eamico, disponibilizado na p\u00e1gina do Colegiado.<\/span><\/span><\/p>\n<p><span style=\"font-family: Segoe Script, cursive;\">Pr\u00f3xima Matr\u00edcula \u2013 <span style=\"color: #f10d0c;\">17 a 19\/02<\/span> \u2013 todas as orienta\u00e7\u00f5es, regulamentos, prazos estar\u00e3o em breve disponibilizados na p\u00e1gina!<\/span><\/p>\n<p><span style=\"font-family: Segoe Script, cursive;\">TCC \u2013 Orienta\u00e7\u00f5es, prazos, regulamentos, formul\u00e1rios, tudo sobre o assunto encontra-se disponibilizado na p\u00e1gina, bastando clicar no respectivo link no acesso r\u00e1pido;<\/span><\/p>\n<p><span style=\"font-family: Segoe Script, cursive;\">ACG \u2013 Os concluintes que ainda n\u00e3o enviaram seu pedido de reconhecimento tamb\u00e9m podem orientar-se atrav\u00e9s do link ACG no acesso r\u00e1pido;<\/span><\/p>\n<p><span style=\"color: #f10d0c;\"><span style=\"font-family: Segoe Script, cursive;\"><b>PARA N\u00c3O ESQUECER: <\/b><\/span><\/span><\/p>\n<p><span style=\"font-family: Segoe Script, cursive;\">1 SOMENTE A SE\u00c7\u00c3O DE ENSINO EMITE DOCUMENTOS ACAD\u00caMICOS \u2013 CERTID\u00d5ES, ATESTADOS, HIST\u00d3RICOS, DIPLOMAS, ETC. <a href=\"mailto:sensino@direito.ufmg.br\">sensino@direito.ufmg.br<\/a><\/span><\/p>\n<p><span style=\"font-family: Segoe Script, cursive;\">2 TCC deve ser tratado em <a href=\"mailto:tcc@direito.ufmg.br\">tcc@direito.ufmg.br<\/a><\/span><\/p>\n<p><span style=\"font-family: Segoe Script, cursive;\">3 ACG deve ser tratada em <a href=\"mailto:acg@direito.ufmg.br\">acg@direito.ufmg.br<\/a><\/span><\/p>\n<p><span style=\"font-family: Segoe Script, cursive;\">4- Aproveitamento de Estudos \u2013 <a href=\"mailto:aproveitamntoestudos@direito.ufmg.br\">aproveitamentoestudos@direito.ufmg.br<\/a><\/span><\/p>\n<p><span style=\"font-family: Segoe Script, cursive;\">5 \u2013 Est\u00e1gio \u2013 tratar exclusivamente em <a href=\"mailto:npj@direito.ufmg.br\">npj@direito.ufmg.br<\/a><\/span><\/p>\n","protected":false},"excerpt":{"rendered":"<p>CAROS ESTUDANTES, Estamos chegando em mais um final de semestre e logo teremos o per\u00edodo de matr\u00edcula. Voc\u00eas conhecem a p\u00e1gina do Colegiado de Gradua\u00e7\u00e3o? colgrad.direito.ufmg.br Nela est\u00e3o divulgadas informa\u00e7\u00f5es&hellip;<\/p>\n","protected":false},"author":12,"featured_media":0,"comment_status":"closed","ping_status":"open","sticky":true,"template":"","format":"standard","meta":{"footnotes":""},"categories":[6],"tags":[],"class_list":["post-12574","post","type-post","status-publish","format-standard","hentry","category-colegiado"],"publishpress_future_action":{"enabled":false,"date":"2026-05-06 21:59:05","action":"change-status","newStatus":"draft","terms":[],"taxonomy":"category","extraData":[]},"publishpress_future_workflow_manual_trigger":{"enabledWorkflows":[]},"_links":{"self":[{"href":"https:\/\/colgrad.direito.ufmg.br\/index.php?rest_route=\/wp\/v2\/posts\/12574","targetHints":{"allow":["GET"]}}],"collection":[{"href":"https:\/\/colgrad.direito.ufmg.br\/index.php?rest_route=\/wp\/v2\/posts"}],"about":[{"href":"https:\/\/colgrad.direito.ufmg.br\/index.php?rest_route=\/wp\/v2\/types\/post"}],"author":[{"embeddable":true,"href":"https:\/\/colgrad.direito.ufmg.br\/index.php?rest_route=\/wp\/v2\/users\/12"}],"replies":[{"embeddable":true,"href":"https:\/\/colgrad.direito.ufmg.br\/index.php?rest_route=%2Fwp%2Fv2%2Fcomments&post=12574"}],"version-history":[{"count":2,"href":"https:\/\/colgrad.direito.ufmg.br\/index.php?rest_route=\/wp\/v2\/posts\/12574\/revisions"}],"predecessor-version":[{"id":12576,"href":"https:\/\/colgrad.direito.ufmg.br\/index.php?rest_route=\/wp\/v2\/posts\/12574\/revisions\/12576"}],"wp:attachment":[{"href":"https:\/\/colgrad.direito.ufmg.br\/index.php?rest_route=%2Fwp%2Fv2%2Fmedia&parent=12574"}],"wp:term":[{"taxonomy":"category","embeddable":true,"href":"https:\/\/colgrad.direito.ufmg.br\/index.php?rest_route=%2Fwp%2Fv2%2Fcategories&post=12574"},{"taxonomy":"post_tag","embeddable":true,"href":"https:\/\/colgrad.direito.ufmg.br\/index.php?rest_route=%2Fwp%2Fv2%2Ftags&post=12574"}],"curies":[{"name":"wp","href":"https:\/\/api.w.org\/{rel}","templated":true}]}}