{"id":13086,"date":"2025-02-18T13:35:13","date_gmt":"2025-02-18T16:35:13","guid":{"rendered":"https:\/\/colgrad.direito.ufmg.br\/?p=13086"},"modified":"2025-02-18T13:35:13","modified_gmt":"2025-02-18T16:35:13","slug":"acerto-de-matricula-2025-1-prazo-e-orientacoes","status":"publish","type":"post","link":"https:\/\/colgrad.direito.ufmg.br\/?p=13086","title":{"rendered":"Acerto de Matr\u00edcula 2025\/1 &#8211; Prazo e Orienta\u00e7\u00f5es"},"content":{"rendered":"<p style=\"text-align: left;\"><strong>PRAZO DO ACERTO EXCLUSIVAMENTE PRESENCIAL JUNTO AO COLEGIADO DE GRADUA\u00c7\u00c3O: <span style=\"font-size: 14pt; color: #ff0000;\">12\/03 a 21\/03<\/span><\/strong><\/p>\n<p style=\"text-align: left;\"><strong>AVISOS IMPORTANTES:<\/strong><\/p>\n<p style=\"text-align: left;\"><strong>&#8211; Matr\u00edcula em turno diverso<\/strong>: <strong><span style=\"color: #ff0000;\">N\u00e3o incluir as disciplinas a serem cursadas no turno diverso no formul\u00e1rio de acerto de matr\u00edcula, uma vez que h\u00e1 um formul\u00e1rio pr\u00f3prio para tal.<\/span><\/strong><\/p>\n<p>https:\/\/colgrad.direito.ufmg.br\/wp-content\/uploads\/2024\/02\/REQUERIMENTO-DE-MATRICULA-EM-TURNO-DIVERSO.pdf<\/p>\n<p style=\"text-align: left;\">&#8211; <strong><span style=\"color: #ff0000;\">N\u00e3o incluir disciplinas optativas no requerimento de acerto de matr\u00edcula.<span style=\"color: #000000;\"> A solicita\u00e7\u00e3o dever\u00e1 ser realizada mediante divulga\u00e7\u00e3o do quadro de optativas remanescentes pela Se\u00e7\u00e3o de Ensino.<\/span><\/span><\/strong><\/p>\n<p style=\"text-align: left;\">&#8211; <strong><span style=\"color: #ff0000;\">N\u00e3o incluir as disciplinas de TCC no requerimento de acerto de matr\u00edcula, uma vez que j\u00e1 se encontra disponibilizada lista espec\u00edfica a ser preenchida presencialmente no balc\u00e3o do Colegiado para tal.<\/span><\/strong><\/p>\n","protected":false},"excerpt":{"rendered":"<p>PRAZO DO ACERTO EXCLUSIVAMENTE PRESENCIAL JUNTO AO COLEGIADO DE GRADUA\u00c7\u00c3O: 12\/03 a 21\/03 AVISOS IMPORTANTES: &#8211; Matr\u00edcula em turno diverso: N\u00e3o incluir as disciplinas a serem cursadas no turno diverso&hellip;<\/p>\n","protected":false},"author":11,"featured_media":0,"comment_status":"closed","ping_status":"open","sticky":true,"template":"","format":"standard","meta":{"footnotes":""},"categories":[6],"tags":[],"class_list":["post-13086","post","type-post","status-publish","format-standard","hentry","category-colegiado"],"publishpress_future_action":{"enabled":false,"date":"2026-05-06 23:59:27","action":"change-status","newStatus":"draft","terms":[],"taxonomy":"category","extraData":[]},"publishpress_future_workflow_manual_trigger":{"enabledWorkflows":[]},"_links":{"self":[{"href":"https:\/\/colgrad.direito.ufmg.br\/index.php?rest_route=\/wp\/v2\/posts\/13086","targetHints":{"allow":["GET"]}}],"collection":[{"href":"https:\/\/colgrad.direito.ufmg.br\/index.php?rest_route=\/wp\/v2\/posts"}],"about":[{"href":"https:\/\/colgrad.direito.ufmg.br\/index.php?rest_route=\/wp\/v2\/types\/post"}],"author":[{"embeddable":true,"href":"https:\/\/colgrad.direito.ufmg.br\/index.php?rest_route=\/wp\/v2\/users\/11"}],"replies":[{"embeddable":true,"href":"https:\/\/colgrad.direito.ufmg.br\/index.php?rest_route=%2Fwp%2Fv2%2Fcomments&post=13086"}],"version-history":[{"count":2,"href":"https:\/\/colgrad.direito.ufmg.br\/index.php?rest_route=\/wp\/v2\/posts\/13086\/revisions"}],"predecessor-version":[{"id":13088,"href":"https:\/\/colgrad.direito.ufmg.br\/index.php?rest_route=\/wp\/v2\/posts\/13086\/revisions\/13088"}],"wp:attachment":[{"href":"https:\/\/colgrad.direito.ufmg.br\/index.php?rest_route=%2Fwp%2Fv2%2Fmedia&parent=13086"}],"wp:term":[{"taxonomy":"category","embeddable":true,"href":"https:\/\/colgrad.direito.ufmg.br\/index.php?rest_route=%2Fwp%2Fv2%2Fcategories&post=13086"},{"taxonomy":"post_tag","embeddable":true,"href":"https:\/\/colgrad.direito.ufmg.br\/index.php?rest_route=%2Fwp%2Fv2%2Ftags&post=13086"}],"curies":[{"name":"wp","href":"https:\/\/api.w.org\/{rel}","templated":true}]}}