{"id":13237,"date":"2025-03-14T13:23:24","date_gmt":"2025-03-14T16:23:24","guid":{"rendered":"https:\/\/colgrad.direito.ufmg.br\/?p=13237"},"modified":"2025-03-14T13:23:24","modified_gmt":"2025-03-14T16:23:24","slug":"comunicado-ofertas-de-vagas-para-mudanca-de-turno-e-continuidade-de-estudos","status":"publish","type":"post","link":"https:\/\/colgrad.direito.ufmg.br\/?p=13237","title":{"rendered":"COMUNICADO &#8211; Ofertas de vagas para Mudan\u00e7a de Turno e Continuidade de Estudos"},"content":{"rendered":"<p>Prezados(as) alunos(as),<\/p>\n<p>Conforme comunicado do DRCA, dispon\u00edvel no link abaixo, n\u00e3o houve vagas remanescentes a serem ofertadas para mudan\u00e7a de turno e continuidade de estudos, visando o segundo per\u00edodo letivo de 2025.<\/p>\n<p><a href=\"https:\/\/colgrad.direito.ufmg.br\/wp-content\/uploads\/2025\/03\/DIREITO.pdf\">COMUNICADO &#8211; DIVIS\u00c3O DE REGISTRO E CONTROLE ACAD\u00caMICO<\/a><\/p>\n","protected":false},"excerpt":{"rendered":"<p>Prezados(as) alunos(as), Conforme comunicado do DRCA, dispon\u00edvel no link abaixo, n\u00e3o houve vagas remanescentes a serem ofertadas para mudan\u00e7a de turno e continuidade de estudos, visando o segundo per\u00edodo letivo&hellip;<\/p>\n","protected":false},"author":11,"featured_media":0,"comment_status":"closed","ping_status":"open","sticky":true,"template":"","format":"standard","meta":{"footnotes":""},"categories":[6],"tags":[],"class_list":["post-13237","post","type-post","status-publish","format-standard","hentry","category-colegiado"],"publishpress_future_action":{"enabled":false,"date":"2026-05-07 01:12:25","action":"change-status","newStatus":"draft","terms":[],"taxonomy":"category","extraData":[]},"publishpress_future_workflow_manual_trigger":{"enabledWorkflows":[]},"_links":{"self":[{"href":"https:\/\/colgrad.direito.ufmg.br\/index.php?rest_route=\/wp\/v2\/posts\/13237","targetHints":{"allow":["GET"]}}],"collection":[{"href":"https:\/\/colgrad.direito.ufmg.br\/index.php?rest_route=\/wp\/v2\/posts"}],"about":[{"href":"https:\/\/colgrad.direito.ufmg.br\/index.php?rest_route=\/wp\/v2\/types\/post"}],"author":[{"embeddable":true,"href":"https:\/\/colgrad.direito.ufmg.br\/index.php?rest_route=\/wp\/v2\/users\/11"}],"replies":[{"embeddable":true,"href":"https:\/\/colgrad.direito.ufmg.br\/index.php?rest_route=%2Fwp%2Fv2%2Fcomments&post=13237"}],"version-history":[{"count":2,"href":"https:\/\/colgrad.direito.ufmg.br\/index.php?rest_route=\/wp\/v2\/posts\/13237\/revisions"}],"predecessor-version":[{"id":13240,"href":"https:\/\/colgrad.direito.ufmg.br\/index.php?rest_route=\/wp\/v2\/posts\/13237\/revisions\/13240"}],"wp:attachment":[{"href":"https:\/\/colgrad.direito.ufmg.br\/index.php?rest_route=%2Fwp%2Fv2%2Fmedia&parent=13237"}],"wp:term":[{"taxonomy":"category","embeddable":true,"href":"https:\/\/colgrad.direito.ufmg.br\/index.php?rest_route=%2Fwp%2Fv2%2Fcategories&post=13237"},{"taxonomy":"post_tag","embeddable":true,"href":"https:\/\/colgrad.direito.ufmg.br\/index.php?rest_route=%2Fwp%2Fv2%2Ftags&post=13237"}],"curies":[{"name":"wp","href":"https:\/\/api.w.org\/{rel}","templated":true}]}}