{"id":13551,"date":"2025-04-28T10:58:16","date_gmt":"2025-04-28T13:58:16","guid":{"rendered":"https:\/\/colgrad.direito.ufmg.br\/?p=13551"},"modified":"2025-04-28T10:58:16","modified_gmt":"2025-04-28T13:58:16","slug":"prazo-reconhecimento-de-estagio-2025-1-alunos-nao-concluintes","status":"publish","type":"post","link":"https:\/\/colgrad.direito.ufmg.br\/?p=13551","title":{"rendered":"PRAZO RECONHECIMENTO DE EST\u00c1GIO 2025\/1 &#8211; ALUNOS N\u00c3O CONCLUINTES"},"content":{"rendered":"<div class=\"entry-content\">\n<div class=\"entry-content\">\n<p><strong><span style=\"font-size: 18pt;\">Alunos n\u00e3o concluintes<\/span><br \/>\n<\/strong><\/p>\n<p>ATEN\u00c7\u00c3O \u2013 CONFIRAM AQUI AS ORIENTA\u00c7\u00d5ES PARA O PEDIDO DE RECONHECIMENTO DE EST\u00c1GIO.<\/p>\n<p>O prazo para pedidos de reconhecimento de est\u00e1gio para os n\u00e3o\u00a0 concluintes\u00a0 estar\u00e1 aberto no per\u00edodo de <strong>02\/06\/2025 a 06\/06\/2025<br \/>\n<\/strong><\/p>\n<p>Documentos enviados <strong>FORA DO PRAZO<\/strong> ou sem a documenta\u00e7\u00e3o completa \u00a0<strong>N\u00c3O SER\u00c3O ANALISADOS.<\/strong><\/p>\n<p>O resultado ser\u00e1 divulgado no site do Colegiado, em at\u00e9 10 dias,<strong> ap\u00f3s o encerramento do prazo final.<\/strong><\/p>\n<p>A documenta\u00e7\u00e3o necess\u00e1ria, para o reconhecimento, bem como o formul\u00e1rio poder\u00e3o ser acessados em <a href=\"https:\/\/colgrad.direito.ufmg.br\/?page_id=126\" target=\"_blank\" rel=\"noopener\">h<\/a><a href=\"https:\/\/colgrad.direito.ufmg.br\/wp-content\/uploads\/2024\/10\/DOCUMENTOS-NECESSARIOS-PARA-O-PROCESSO-DE-RECONHECIMENTO-DE-ESTAGIO.pdf\">ttps:\/\/colgrad.direito.ufmg.br\/?page_id=126\u00a0.<\/a><\/p>\n<p><strong>Os pedidos de reconhecimento de est\u00e1gio dever\u00e3o ser enviados EXCLUSIVAMENTE para o e-mail: <a href=\"mailto:reconhecimentonpj@direito.ufmg.br\">reconhecimentonpj@direito.ufmg.br<\/a> e no assunto dever\u00e1 ser informado obrigatoriamente NOME e MATR\u00cdCULA do aluno(a).<\/strong><\/p>\n<p>NPJ<\/p>\n<\/div>\n<\/div>\n","protected":false},"excerpt":{"rendered":"<p>Alunos n\u00e3o concluintes ATEN\u00c7\u00c3O \u2013 CONFIRAM AQUI AS ORIENTA\u00c7\u00d5ES PARA O PEDIDO DE RECONHECIMENTO DE EST\u00c1GIO. O prazo para pedidos de reconhecimento de est\u00e1gio para os n\u00e3o\u00a0 concluintes\u00a0 estar\u00e1 aberto&hellip;<\/p>\n","protected":false},"author":8,"featured_media":0,"comment_status":"closed","ping_status":"open","sticky":true,"template":"","format":"standard","meta":{"footnotes":""},"categories":[6],"tags":[],"class_list":["post-13551","post","type-post","status-publish","format-standard","hentry","category-colegiado"],"publishpress_future_action":{"enabled":false,"date":"2026-05-06 08:51:36","action":"change-status","newStatus":"draft","terms":[],"taxonomy":"category","extraData":[]},"publishpress_future_workflow_manual_trigger":{"enabledWorkflows":[]},"_links":{"self":[{"href":"https:\/\/colgrad.direito.ufmg.br\/index.php?rest_route=\/wp\/v2\/posts\/13551","targetHints":{"allow":["GET"]}}],"collection":[{"href":"https:\/\/colgrad.direito.ufmg.br\/index.php?rest_route=\/wp\/v2\/posts"}],"about":[{"href":"https:\/\/colgrad.direito.ufmg.br\/index.php?rest_route=\/wp\/v2\/types\/post"}],"author":[{"embeddable":true,"href":"https:\/\/colgrad.direito.ufmg.br\/index.php?rest_route=\/wp\/v2\/users\/8"}],"replies":[{"embeddable":true,"href":"https:\/\/colgrad.direito.ufmg.br\/index.php?rest_route=%2Fwp%2Fv2%2Fcomments&post=13551"}],"version-history":[{"count":1,"href":"https:\/\/colgrad.direito.ufmg.br\/index.php?rest_route=\/wp\/v2\/posts\/13551\/revisions"}],"predecessor-version":[{"id":13553,"href":"https:\/\/colgrad.direito.ufmg.br\/index.php?rest_route=\/wp\/v2\/posts\/13551\/revisions\/13553"}],"wp:attachment":[{"href":"https:\/\/colgrad.direito.ufmg.br\/index.php?rest_route=%2Fwp%2Fv2%2Fmedia&parent=13551"}],"wp:term":[{"taxonomy":"category","embeddable":true,"href":"https:\/\/colgrad.direito.ufmg.br\/index.php?rest_route=%2Fwp%2Fv2%2Fcategories&post=13551"},{"taxonomy":"post_tag","embeddable":true,"href":"https:\/\/colgrad.direito.ufmg.br\/index.php?rest_route=%2Fwp%2Fv2%2Ftags&post=13551"}],"curies":[{"name":"wp","href":"https:\/\/api.w.org\/{rel}","templated":true}]}}