{"id":13554,"date":"2025-04-28T13:12:28","date_gmt":"2025-04-28T16:12:28","guid":{"rendered":"https:\/\/colgrad.direito.ufmg.br\/?p=13554"},"modified":"2025-04-28T13:12:28","modified_gmt":"2025-04-28T16:12:28","slug":"informe-reopcao-de-curso","status":"publish","type":"post","link":"https:\/\/colgrad.direito.ufmg.br\/?p=13554","title":{"rendered":"Informe: Reop\u00e7\u00e3o de curso"},"content":{"rendered":"<p>Prezados(as) alunos(as),<\/p>\n<p>Segue divulga\u00e7\u00e3o quanto \u00e0 oferta de vagas para reop\u00e7\u00e3o para os cursos de Direito Diurno e Direito Noturno.<\/p>\n<p><a href=\"https:\/\/colgrad.direito.ufmg.br\/wp-content\/uploads\/2025\/04\/DIREITO.pdf\">DIVULGA\u00c7\u00c3O SOBRE OFERTA DE REOP\u00c7\u00c3O DE CURSO &#8211; DRCA<\/a><\/p>\n","protected":false},"excerpt":{"rendered":"<p>Prezados(as) alunos(as), Segue divulga\u00e7\u00e3o quanto \u00e0 oferta de vagas para reop\u00e7\u00e3o para os cursos de Direito Diurno e Direito Noturno. DIVULGA\u00c7\u00c3O SOBRE OFERTA DE REOP\u00c7\u00c3O DE CURSO &#8211; DRCA<\/p>\n","protected":false},"author":11,"featured_media":0,"comment_status":"closed","ping_status":"open","sticky":true,"template":"","format":"standard","meta":{"footnotes":""},"categories":[6],"tags":[],"class_list":["post-13554","post","type-post","status-publish","format-standard","hentry","category-colegiado"],"publishpress_future_action":{"enabled":false,"date":"2026-05-06 19:39:46","action":"change-status","newStatus":"draft","terms":[],"taxonomy":"category","extraData":[]},"publishpress_future_workflow_manual_trigger":{"enabledWorkflows":[]},"_links":{"self":[{"href":"https:\/\/colgrad.direito.ufmg.br\/index.php?rest_route=\/wp\/v2\/posts\/13554","targetHints":{"allow":["GET"]}}],"collection":[{"href":"https:\/\/colgrad.direito.ufmg.br\/index.php?rest_route=\/wp\/v2\/posts"}],"about":[{"href":"https:\/\/colgrad.direito.ufmg.br\/index.php?rest_route=\/wp\/v2\/types\/post"}],"author":[{"embeddable":true,"href":"https:\/\/colgrad.direito.ufmg.br\/index.php?rest_route=\/wp\/v2\/users\/11"}],"replies":[{"embeddable":true,"href":"https:\/\/colgrad.direito.ufmg.br\/index.php?rest_route=%2Fwp%2Fv2%2Fcomments&post=13554"}],"version-history":[{"count":2,"href":"https:\/\/colgrad.direito.ufmg.br\/index.php?rest_route=\/wp\/v2\/posts\/13554\/revisions"}],"predecessor-version":[{"id":13557,"href":"https:\/\/colgrad.direito.ufmg.br\/index.php?rest_route=\/wp\/v2\/posts\/13554\/revisions\/13557"}],"wp:attachment":[{"href":"https:\/\/colgrad.direito.ufmg.br\/index.php?rest_route=%2Fwp%2Fv2%2Fmedia&parent=13554"}],"wp:term":[{"taxonomy":"category","embeddable":true,"href":"https:\/\/colgrad.direito.ufmg.br\/index.php?rest_route=%2Fwp%2Fv2%2Fcategories&post=13554"},{"taxonomy":"post_tag","embeddable":true,"href":"https:\/\/colgrad.direito.ufmg.br\/index.php?rest_route=%2Fwp%2Fv2%2Ftags&post=13554"}],"curies":[{"name":"wp","href":"https:\/\/api.w.org\/{rel}","templated":true}]}}