{"id":15000,"date":"2025-08-18T15:00:04","date_gmt":"2025-08-18T18:00:04","guid":{"rendered":"https:\/\/colgrad.direito.ufmg.br\/?p=15000"},"modified":"2025-08-18T15:00:04","modified_gmt":"2025-08-18T18:00:04","slug":"comunicado-ofertas-de-vagas-para-mudanca-de-turno-e-continuidade-de-estudos-2026-1","status":"publish","type":"post","link":"https:\/\/colgrad.direito.ufmg.br\/?p=15000","title":{"rendered":"COMUNICADO \u2013 Ofertas de vagas para Mudan\u00e7a de Turno e Continuidade de Estudos 2026.1"},"content":{"rendered":"<p>Prezados(as) alunos(as),<\/p>\n<p>Conforme comunicado do DRCA, dispon\u00edvel no link abaixo, n\u00e3o houve vagas remanescentes a serem ofertadas para mudan\u00e7a de turno e continuidade de estudos, visando o primeiro per\u00edodo letivo de 2026.<\/p>\n<p><a href=\"https:\/\/colgrad.direito.ufmg.br\/wp-content\/uploads\/2025\/08\/DIREITO.pdf\">COMUNICADO &#8211; DIVIS\u00c3O DE REGISTRO E CONTROLE ACAD\u00caMICO<\/a><\/p>\n","protected":false},"excerpt":{"rendered":"<p>Prezados(as) alunos(as), Conforme comunicado do DRCA, dispon\u00edvel no link abaixo, n\u00e3o houve vagas remanescentes a serem ofertadas para mudan\u00e7a de turno e continuidade de estudos, visando o primeiro per\u00edodo letivo&hellip;<\/p>\n","protected":false},"author":11,"featured_media":0,"comment_status":"closed","ping_status":"open","sticky":true,"template":"","format":"standard","meta":{"footnotes":""},"categories":[6],"tags":[],"class_list":["post-15000","post","type-post","status-publish","format-standard","hentry","category-colegiado"],"publishpress_future_action":{"enabled":false,"date":"2026-05-07 09:37:09","action":"change-status","newStatus":"draft","terms":[],"taxonomy":"category","extraData":[]},"publishpress_future_workflow_manual_trigger":{"enabledWorkflows":[]},"_links":{"self":[{"href":"https:\/\/colgrad.direito.ufmg.br\/index.php?rest_route=\/wp\/v2\/posts\/15000","targetHints":{"allow":["GET"]}}],"collection":[{"href":"https:\/\/colgrad.direito.ufmg.br\/index.php?rest_route=\/wp\/v2\/posts"}],"about":[{"href":"https:\/\/colgrad.direito.ufmg.br\/index.php?rest_route=\/wp\/v2\/types\/post"}],"author":[{"embeddable":true,"href":"https:\/\/colgrad.direito.ufmg.br\/index.php?rest_route=\/wp\/v2\/users\/11"}],"replies":[{"embeddable":true,"href":"https:\/\/colgrad.direito.ufmg.br\/index.php?rest_route=%2Fwp%2Fv2%2Fcomments&post=15000"}],"version-history":[{"count":2,"href":"https:\/\/colgrad.direito.ufmg.br\/index.php?rest_route=\/wp\/v2\/posts\/15000\/revisions"}],"predecessor-version":[{"id":15003,"href":"https:\/\/colgrad.direito.ufmg.br\/index.php?rest_route=\/wp\/v2\/posts\/15000\/revisions\/15003"}],"wp:attachment":[{"href":"https:\/\/colgrad.direito.ufmg.br\/index.php?rest_route=%2Fwp%2Fv2%2Fmedia&parent=15000"}],"wp:term":[{"taxonomy":"category","embeddable":true,"href":"https:\/\/colgrad.direito.ufmg.br\/index.php?rest_route=%2Fwp%2Fv2%2Fcategories&post=15000"},{"taxonomy":"post_tag","embeddable":true,"href":"https:\/\/colgrad.direito.ufmg.br\/index.php?rest_route=%2Fwp%2Fv2%2Ftags&post=15000"}],"curies":[{"name":"wp","href":"https:\/\/api.w.org\/{rel}","templated":true}]}}