{"id":15427,"date":"2025-10-06T14:37:44","date_gmt":"2025-10-06T17:37:44","guid":{"rendered":"https:\/\/colgrad.direito.ufmg.br\/?p=15427"},"modified":"2025-10-06T14:37:44","modified_gmt":"2025-10-06T17:37:44","slug":"oportunidade-de-estagio-defensoria-publica-de-minas-gerais-unidade-ribeirao-das-neves","status":"publish","type":"post","link":"https:\/\/colgrad.direito.ufmg.br\/?p=15427","title":{"rendered":"Oportunidade de Est\u00e1gio &#8211; Defensoria P\u00fablica de Minas Gerais &#8211; Unidade Ribeir\u00e3o das Neves"},"content":{"rendered":"<p>Todas as informa\u00e7\u00f5es sobre a vaga est\u00e3o no link abaixo<\/p>\n<p><a href=\"https:\/\/colgrad.direito.ufmg.br\/wp-content\/uploads\/2025\/10\/Ribeirao-das-Neves-Edital-03.2025-Direito-GRADUACAO.pdf\">Ribeir\u00e3o das Neves Edital 03.2025 &#8211; Direito GRADUA\u00c7\u00c3O<\/a><\/p>\n","protected":false},"excerpt":{"rendered":"<p>Todas as informa\u00e7\u00f5es sobre a vaga est\u00e3o no link abaixo Ribeir\u00e3o das Neves Edital 03.2025 &#8211; Direito GRADUA\u00c7\u00c3O<\/p>\n","protected":false},"author":13,"featured_media":0,"comment_status":"closed","ping_status":"open","sticky":false,"template":"","format":"standard","meta":{"footnotes":""},"categories":[12],"tags":[],"class_list":["post-15427","post","type-post","status-publish","format-standard","hentry","category-oportunidades-estagio-npj"],"publishpress_future_action":{"enabled":false,"date":"2026-05-09 05:58:30","action":"change-status","newStatus":"draft","terms":[],"taxonomy":"category","extraData":[]},"publishpress_future_workflow_manual_trigger":{"enabledWorkflows":[]},"_links":{"self":[{"href":"https:\/\/colgrad.direito.ufmg.br\/index.php?rest_route=\/wp\/v2\/posts\/15427","targetHints":{"allow":["GET"]}}],"collection":[{"href":"https:\/\/colgrad.direito.ufmg.br\/index.php?rest_route=\/wp\/v2\/posts"}],"about":[{"href":"https:\/\/colgrad.direito.ufmg.br\/index.php?rest_route=\/wp\/v2\/types\/post"}],"author":[{"embeddable":true,"href":"https:\/\/colgrad.direito.ufmg.br\/index.php?rest_route=\/wp\/v2\/users\/13"}],"replies":[{"embeddable":true,"href":"https:\/\/colgrad.direito.ufmg.br\/index.php?rest_route=%2Fwp%2Fv2%2Fcomments&post=15427"}],"version-history":[{"count":1,"href":"https:\/\/colgrad.direito.ufmg.br\/index.php?rest_route=\/wp\/v2\/posts\/15427\/revisions"}],"predecessor-version":[{"id":15429,"href":"https:\/\/colgrad.direito.ufmg.br\/index.php?rest_route=\/wp\/v2\/posts\/15427\/revisions\/15429"}],"wp:attachment":[{"href":"https:\/\/colgrad.direito.ufmg.br\/index.php?rest_route=%2Fwp%2Fv2%2Fmedia&parent=15427"}],"wp:term":[{"taxonomy":"category","embeddable":true,"href":"https:\/\/colgrad.direito.ufmg.br\/index.php?rest_route=%2Fwp%2Fv2%2Fcategories&post=15427"},{"taxonomy":"post_tag","embeddable":true,"href":"https:\/\/colgrad.direito.ufmg.br\/index.php?rest_route=%2Fwp%2Fv2%2Ftags&post=15427"}],"curies":[{"name":"wp","href":"https:\/\/api.w.org\/{rel}","templated":true}]}}