{"id":15438,"date":"2025-10-07T10:58:46","date_gmt":"2025-10-07T13:58:46","guid":{"rendered":"https:\/\/colgrad.direito.ufmg.br\/?p=15438"},"modified":"2025-10-07T10:58:46","modified_gmt":"2025-10-07T13:58:46","slug":"oportunidade-de-estagio-7o-oficio-de-registro-de-imoveis-de-belo-horizonte","status":"publish","type":"post","link":"https:\/\/colgrad.direito.ufmg.br\/?p=15438","title":{"rendered":"Oportunidade de Est\u00e1gio &#8211; 7\u00ba Oficio de Registro de Im\u00f3veis de Belo Horizonte"},"content":{"rendered":"<p>Vaga de Est\u00e1gio \u2013 7\u00ba Oficio de Registro de Im\u00f3veis de Belo Horizonte<\/p>\n<p>Est\u00e1 procurando uma oportunidade de est\u00e1gio na \u00e1rea jur\u00eddica e notarial? Se voc\u00ea \u00e9 estudante de Direito ou \u00e1reas correlatas, temos a vaga perfeita para voc\u00ea!<\/p>\n<p>Sobre a Vaga:<br \/>\nO Cart\u00f3rio 7\u00ba Oficio de Registro de Im\u00f3veis de Belo Horizonte est\u00e1 com 2 (duas) vagas de est\u00e1gio aberta para estudantes interessados em aprender e atuar no registro de im\u00f3veis e atividades notariais. Se voc\u00ea tem interesse em Direito Imobili\u00e1rio e quer desenvolver habilidades pr\u00e1ticas em um ambiente profissional, venha fazer parte da nossa equipe!<\/p>\n<p>Requisitos:<br \/>\n\u00b7\u00a0\u00a0\u00a0\u00a0\u00a0\u00a0\u00a0\u00a0Cursando a partir do 4\u00ba per\u00edodo do curso de Direito;<br \/>\n\u00b7\u00a0\u00a0\u00a0\u00a0\u00a0\u00a0\u00a0\u00a0No\u00e7\u00f5es b\u00e1sicas de Direito Imobili\u00e1rio e Direito Notarial e Registral;<br \/>\n\u00b7\u00a0\u00a0\u00a0\u00a0\u00a0\u00a0\u00a0\u00a0Conhecimentos em Pacote Office (Word, Excel);<br \/>\n\u00b7\u00a0\u00a0\u00a0\u00a0\u00a0\u00a0\u00a0\u00a0Boa comunica\u00e7\u00e3o e organiza\u00e7\u00e3o;<br \/>\n\u00b7\u00a0\u00a0\u00a0\u00a0\u00a0\u00a0\u00a0\u00a0Interesse em aprender e atuar na pr\u00e1tica em atividades de cart\u00f3rio de im\u00f3veis.<\/p>\n<p>Atividades a serem desenvolvidas:<br \/>\n\u00b7\u00a0\u00a0\u00a0\u00a0\u00a0\u00a0\u00a0\u00a0Acompanhamento e apoio nas atividades de registro de im\u00f3veis;<br \/>\n\u00b7\u00a0\u00a0\u00a0\u00a0\u00a0\u00a0\u00a0\u00a0Atendimento ao p\u00fablico e suporte a clientes na emiss\u00e3o de documentos;<br \/>\n\u00b7\u00a0\u00a0\u00a0\u00a0\u00a0\u00a0\u00a0\u00a0Organiza\u00e7\u00e3o e controle de arquivos e documentos cartor\u00e1rios;<\/p>\n<p>Envie seu curr\u00edculo para o e-mail: <a class=\"hIUybjcrkfFLLhBnSNRPGtyujTqztdM \" tabindex=\"0\" href=\"mailto:rh@7ribh.com.br\" target=\"_blank\" rel=\"noopener\" data-test-app-aware-link=\"\">rh@7ribh.com.br<\/a><\/p>\n<p>Assunto: Curr\u00edculo est\u00e1gio &#8211; 6 Horas<br \/>\nVenha adquirir experi\u00eancia em um dos segmentos mais importantes do direito e da vida cotidiana: o registro de im\u00f3veis!<\/p>\n<p>7\u00ba Oficio de Registro de Im\u00f3veis de Belo Horizonte<br \/>\nRua: Alagoas, 750 &#8211; Savassi<\/p>\n<p>Demais informa\u00e7\u00f5es no link abaixo:<\/p>\n<p><a href=\"https:\/\/colgrad.direito.ufmg.br\/wp-content\/uploads\/2025\/10\/Vaga-Cartorio.pdf\">Vaga Cart\u00f3rio<\/a><\/p>\n<p>&nbsp;<\/p>\n<p>&nbsp;<\/p>\n","protected":false},"excerpt":{"rendered":"<p>Vaga de Est\u00e1gio \u2013 7\u00ba Oficio de Registro de Im\u00f3veis de Belo Horizonte Est\u00e1 procurando uma oportunidade de est\u00e1gio na \u00e1rea jur\u00eddica e notarial? Se voc\u00ea \u00e9 estudante de Direito&hellip;<\/p>\n","protected":false},"author":13,"featured_media":0,"comment_status":"closed","ping_status":"open","sticky":false,"template":"","format":"standard","meta":{"footnotes":""},"categories":[12],"tags":[],"class_list":["post-15438","post","type-post","status-publish","format-standard","hentry","category-oportunidades-estagio-npj"],"publishpress_future_action":{"enabled":false,"date":"2026-05-09 05:58:31","action":"change-status","newStatus":"draft","terms":[],"taxonomy":"category","extraData":[]},"publishpress_future_workflow_manual_trigger":{"enabledWorkflows":[]},"_links":{"self":[{"href":"https:\/\/colgrad.direito.ufmg.br\/index.php?rest_route=\/wp\/v2\/posts\/15438","targetHints":{"allow":["GET"]}}],"collection":[{"href":"https:\/\/colgrad.direito.ufmg.br\/index.php?rest_route=\/wp\/v2\/posts"}],"about":[{"href":"https:\/\/colgrad.direito.ufmg.br\/index.php?rest_route=\/wp\/v2\/types\/post"}],"author":[{"embeddable":true,"href":"https:\/\/colgrad.direito.ufmg.br\/index.php?rest_route=\/wp\/v2\/users\/13"}],"replies":[{"embeddable":true,"href":"https:\/\/colgrad.direito.ufmg.br\/index.php?rest_route=%2Fwp%2Fv2%2Fcomments&post=15438"}],"version-history":[{"count":1,"href":"https:\/\/colgrad.direito.ufmg.br\/index.php?rest_route=\/wp\/v2\/posts\/15438\/revisions"}],"predecessor-version":[{"id":15440,"href":"https:\/\/colgrad.direito.ufmg.br\/index.php?rest_route=\/wp\/v2\/posts\/15438\/revisions\/15440"}],"wp:attachment":[{"href":"https:\/\/colgrad.direito.ufmg.br\/index.php?rest_route=%2Fwp%2Fv2%2Fmedia&parent=15438"}],"wp:term":[{"taxonomy":"category","embeddable":true,"href":"https:\/\/colgrad.direito.ufmg.br\/index.php?rest_route=%2Fwp%2Fv2%2Fcategories&post=15438"},{"taxonomy":"post_tag","embeddable":true,"href":"https:\/\/colgrad.direito.ufmg.br\/index.php?rest_route=%2Fwp%2Fv2%2Ftags&post=15438"}],"curies":[{"name":"wp","href":"https:\/\/api.w.org\/{rel}","templated":true}]}}