{"id":15443,"date":"2025-10-07T15:25:49","date_gmt":"2025-10-07T18:25:49","guid":{"rendered":"https:\/\/colgrad.direito.ufmg.br\/?p=15443"},"modified":"2025-10-07T15:25:49","modified_gmt":"2025-10-07T18:25:49","slug":"oportunidade-de-estagio-escritorio-de-advocacia-42","status":"publish","type":"post","link":"https:\/\/colgrad.direito.ufmg.br\/?p=15443","title":{"rendered":"Oportunidade de Est\u00e1gio &#8211; Escrit\u00f3rio de Advocacia"},"content":{"rendered":"<p><strong>VAGA DE EST\u00c1GIO \u2013 3 VAGAS <\/strong><br \/>\n<strong>\u00a0<\/strong><br \/>\n<strong>&#8211; <u>CURSANDO:<\/u>\u00a02\u00ba AO 5\u00ba PER\u00cdODO DE DIREITO<\/strong><br \/>\n<strong>\u00a0<\/strong><br \/>\n<strong>&#8211; <u>DESCRI\u00c7\u00c3O DAS ATIVIDADES:<\/u>\u00a0IR\u00c1 ATUAR EM ESCRIT\u00d3RIO DE ADVOCACIA, NO RAMO TRABALHISTA, COM ACOMPANHAMENTO INTEGRAL, COM AUX\u00cdLIO NA ELABORA\u00c7\u00c3O DAS PE\u00c7AS PROCESSUAIS E ORIENTA\u00c7\u00c3O QUANTO A DOUTRINA E JURISPRUD\u00caNCIA A SEREM UTILIZADAS.<\/strong><br \/>\n<strong>\u00a0<\/strong><br \/>\n<strong><u>&#8211; HOR\u00c1RIO DE REALIZA\u00c7\u00c3O:<\/u>\u00a0DE SEGUNDA \u00c0 SEXTA-FEIRA, PER\u00cdODO DA MANH\u00c3 OU TARDE ( A SER ACORDADO)<\/strong><br \/>\n<strong>\u00a0<\/strong><br \/>\n<strong><u>&#8211; BOLSA DE EST\u00c1GIO:<\/u>\u00a0R$1.600,00 + VALE TRANSPORTE (MUNICIPAL) + BENEF\u00cdCIOS<\/p>\n<p>&#8211; <u>ENVIAR CURRIC\u00daLO PARA<\/u>: <a href=\"mailto:rafael@metzkeradvogados.com.br\">rafael@metzkeradvogados.com.br<\/a><\/strong><\/p>\n<p><strong>\u00a0<\/strong><\/p>\n<p><strong>\u00a0<\/strong><\/p>\n","protected":false},"excerpt":{"rendered":"<p>VAGA DE EST\u00c1GIO \u2013 3 VAGAS \u00a0 &#8211; CURSANDO:\u00a02\u00ba AO 5\u00ba PER\u00cdODO DE DIREITO \u00a0 &#8211; DESCRI\u00c7\u00c3O DAS ATIVIDADES:\u00a0IR\u00c1 ATUAR EM ESCRIT\u00d3RIO DE ADVOCACIA, NO RAMO TRABALHISTA, COM ACOMPANHAMENTO INTEGRAL,&hellip;<\/p>\n","protected":false},"author":13,"featured_media":0,"comment_status":"closed","ping_status":"open","sticky":false,"template":"","format":"standard","meta":{"footnotes":""},"categories":[12],"tags":[],"class_list":["post-15443","post","type-post","status-publish","format-standard","hentry","category-oportunidades-estagio-npj"],"publishpress_future_action":{"enabled":false,"date":"2026-05-09 09:04:47","action":"change-status","newStatus":"draft","terms":[],"taxonomy":"category","extraData":[]},"publishpress_future_workflow_manual_trigger":{"enabledWorkflows":[]},"_links":{"self":[{"href":"https:\/\/colgrad.direito.ufmg.br\/index.php?rest_route=\/wp\/v2\/posts\/15443","targetHints":{"allow":["GET"]}}],"collection":[{"href":"https:\/\/colgrad.direito.ufmg.br\/index.php?rest_route=\/wp\/v2\/posts"}],"about":[{"href":"https:\/\/colgrad.direito.ufmg.br\/index.php?rest_route=\/wp\/v2\/types\/post"}],"author":[{"embeddable":true,"href":"https:\/\/colgrad.direito.ufmg.br\/index.php?rest_route=\/wp\/v2\/users\/13"}],"replies":[{"embeddable":true,"href":"https:\/\/colgrad.direito.ufmg.br\/index.php?rest_route=%2Fwp%2Fv2%2Fcomments&post=15443"}],"version-history":[{"count":1,"href":"https:\/\/colgrad.direito.ufmg.br\/index.php?rest_route=\/wp\/v2\/posts\/15443\/revisions"}],"predecessor-version":[{"id":15447,"href":"https:\/\/colgrad.direito.ufmg.br\/index.php?rest_route=\/wp\/v2\/posts\/15443\/revisions\/15447"}],"wp:attachment":[{"href":"https:\/\/colgrad.direito.ufmg.br\/index.php?rest_route=%2Fwp%2Fv2%2Fmedia&parent=15443"}],"wp:term":[{"taxonomy":"category","embeddable":true,"href":"https:\/\/colgrad.direito.ufmg.br\/index.php?rest_route=%2Fwp%2Fv2%2Fcategories&post=15443"},{"taxonomy":"post_tag","embeddable":true,"href":"https:\/\/colgrad.direito.ufmg.br\/index.php?rest_route=%2Fwp%2Fv2%2Ftags&post=15443"}],"curies":[{"name":"wp","href":"https:\/\/api.w.org\/{rel}","templated":true}]}}