{"id":15721,"date":"2025-11-12T14:53:53","date_gmt":"2025-11-12T17:53:53","guid":{"rendered":"https:\/\/colgrad.direito.ufmg.br\/?p=15721"},"modified":"2025-11-12T14:53:53","modified_gmt":"2025-11-12T17:53:53","slug":"resultado-parcial-reconhecimento-de-estagio-pedidos-enviados-em-20-21-e-22-10-2025","status":"publish","type":"post","link":"https:\/\/colgrad.direito.ufmg.br\/?p=15721","title":{"rendered":"RESULTADO PARCIAL RECONHECIMENTO DE EST\u00c1GIO &#8211; Pedidos enviados em 20, 21 e 22\/10\/2025"},"content":{"rendered":"<p>Devido ao grande n\u00famero de pedidos de reconhecimento de est\u00e1gio recebidos o resultado est\u00e1 sendo divulgado de forma parcial .<\/p>\n<p>Os demais pedidos est\u00e3o em fase de an\u00e1lise e o resultado ser\u00e1 divulgado at\u00e9 o pr\u00f3ximo dia 17\/11\/2025 .<\/p>\n<p><a href=\"https:\/\/colgrad.direito.ufmg.br\/wp-content\/uploads\/2025\/11\/Reconhecimento_de_Estagio_-_Alunos_Nao_Concluintes_2-2025_-_Deferidos_assinado-1.pdf\">Reconhecimento_de_Estagio_-_Alunos_Nao_Concluintes_2-2025_-_Deferidos_assinado<\/a><\/p>\n","protected":false},"excerpt":{"rendered":"<p>Devido ao grande n\u00famero de pedidos de reconhecimento de est\u00e1gio recebidos o resultado est\u00e1 sendo divulgado de forma parcial . Os demais pedidos est\u00e3o em fase de an\u00e1lise e o&hellip;<\/p>\n","protected":false},"author":8,"featured_media":0,"comment_status":"closed","ping_status":"open","sticky":true,"template":"","format":"standard","meta":{"footnotes":""},"categories":[6],"tags":[],"class_list":["post-15721","post","type-post","status-publish","format-standard","hentry","category-colegiado"],"publishpress_future_action":{"enabled":false,"date":"2026-05-06 08:51:34","action":"change-status","newStatus":"draft","terms":[],"taxonomy":"category","extraData":[]},"publishpress_future_workflow_manual_trigger":{"enabledWorkflows":[]},"_links":{"self":[{"href":"https:\/\/colgrad.direito.ufmg.br\/index.php?rest_route=\/wp\/v2\/posts\/15721","targetHints":{"allow":["GET"]}}],"collection":[{"href":"https:\/\/colgrad.direito.ufmg.br\/index.php?rest_route=\/wp\/v2\/posts"}],"about":[{"href":"https:\/\/colgrad.direito.ufmg.br\/index.php?rest_route=\/wp\/v2\/types\/post"}],"author":[{"embeddable":true,"href":"https:\/\/colgrad.direito.ufmg.br\/index.php?rest_route=\/wp\/v2\/users\/8"}],"replies":[{"embeddable":true,"href":"https:\/\/colgrad.direito.ufmg.br\/index.php?rest_route=%2Fwp%2Fv2%2Fcomments&post=15721"}],"version-history":[{"count":2,"href":"https:\/\/colgrad.direito.ufmg.br\/index.php?rest_route=\/wp\/v2\/posts\/15721\/revisions"}],"predecessor-version":[{"id":15725,"href":"https:\/\/colgrad.direito.ufmg.br\/index.php?rest_route=\/wp\/v2\/posts\/15721\/revisions\/15725"}],"wp:attachment":[{"href":"https:\/\/colgrad.direito.ufmg.br\/index.php?rest_route=%2Fwp%2Fv2%2Fmedia&parent=15721"}],"wp:term":[{"taxonomy":"category","embeddable":true,"href":"https:\/\/colgrad.direito.ufmg.br\/index.php?rest_route=%2Fwp%2Fv2%2Fcategories&post=15721"},{"taxonomy":"post_tag","embeddable":true,"href":"https:\/\/colgrad.direito.ufmg.br\/index.php?rest_route=%2Fwp%2Fv2%2Ftags&post=15721"}],"curies":[{"name":"wp","href":"https:\/\/api.w.org\/{rel}","templated":true}]}}