{"id":1893,"date":"2019-09-23T10:18:45","date_gmt":"2019-09-23T13:18:45","guid":{"rendered":"https:\/\/colgrad.direito.ufmg.br\/?p=1893"},"modified":"2019-09-23T10:18:45","modified_gmt":"2019-09-23T13:18:45","slug":"28a-semana-do-conhecimento","status":"publish","type":"post","link":"https:\/\/colgrad.direito.ufmg.br\/?p=1893","title":{"rendered":"28\u00aa Semana do Conhecimento"},"content":{"rendered":"<p><span style=\"font-family: Calibri; font-size: medium;\">A UFMG realizar\u00e1<\/span><span style=\"font-family: Calibri; font-size: medium;\"><b>,<\/b><\/span><span style=\"color: #ff0000; font-family: Calibri; font-size: medium;\"><b>\u00a0no per\u00edodo de 14 a 18 de outubro de 2019<\/b><\/span><span style=\"font-family: Calibri; font-size: medium;\"><b>,<\/b><\/span><span style=\"font-family: Calibri; font-size: medium;\">\u00a0a 28\u00aa Semana do Conhecimento intitulada \u201cEDUCA\u00c7\u00c3O de qualidade para o desenvolvimento sustent\u00e1vel\u201d.\u00a0<\/span><br \/>\n<span style=\"font-family: Calibri; font-size: medium;\">\u00a0A programa\u00e7\u00e3o do evento dar\u00e1 destaque a atividades que envolvam apresenta\u00e7\u00e3o de trabalhos acad\u00eamicos desenvolvidos por discentes de gradua\u00e7\u00e3o e p\u00f3s-gradua\u00e7\u00e3o e servidores t\u00e9cnico-administrativos em educa\u00e7\u00e3o, no \u00e2mbito de projetos de ensino, pesquisa e extens\u00e3o.<\/span><br \/>\n<span style=\"font-family: Calibri; font-size: medium;\">\u00a0<\/span><br \/>\n<span style=\"font-family: Calibri; font-size: medium;\">Informamos ainda que, de acordo com o Calend\u00e1rio Escolar de 2019, aprovado pela Resolu\u00e7\u00e3o n\u00ba 18\/2018 do Conselho de Ensino, Pesquisa e Extens\u00e3o da UFMG, <\/span><span style=\"color: #ff0000; font-family: Calibri; font-size: medium;\"><b><u>n\u00e3o dever\u00e3o ser realizadas atividades de avalia\u00e7\u00e3o e trabalhos de campo nos dias 7 e 8 de outubro, <\/u><\/b><\/span><span style=\"font-family: Calibri; font-size: medium;\">destinados \u00e0 apresenta\u00e7\u00e3o e sele\u00e7\u00e3o de trabalhos nas Unidades Acad\u00eamicas, e no per\u00edodo de 16 a 18 de outubro, destinado \u00e0 apresenta\u00e7\u00e3o de trabalhos na Semana do Conhecimento da UFMG.<\/span><\/p>\n","protected":false},"excerpt":{"rendered":"<p>A UFMG realizar\u00e1,\u00a0no per\u00edodo de 14 a 18 de outubro de 2019,\u00a0a 28\u00aa Semana do Conhecimento intitulada \u201cEDUCA\u00c7\u00c3O de qualidade para o desenvolvimento sustent\u00e1vel\u201d.\u00a0 \u00a0A programa\u00e7\u00e3o do evento dar\u00e1 destaque&hellip;<\/p>\n","protected":false},"author":8,"featured_media":0,"comment_status":"closed","ping_status":"open","sticky":false,"template":"","format":"standard","meta":{"footnotes":""},"categories":[6],"tags":[],"class_list":["post-1893","post","type-post","status-publish","format-standard","hentry","category-colegiado"],"publishpress_future_action":{"enabled":false,"date":"2026-05-03 11:26:06","action":"change-status","newStatus":"draft","terms":[],"taxonomy":"category","extraData":[]},"publishpress_future_workflow_manual_trigger":{"enabledWorkflows":[]},"_links":{"self":[{"href":"https:\/\/colgrad.direito.ufmg.br\/index.php?rest_route=\/wp\/v2\/posts\/1893","targetHints":{"allow":["GET"]}}],"collection":[{"href":"https:\/\/colgrad.direito.ufmg.br\/index.php?rest_route=\/wp\/v2\/posts"}],"about":[{"href":"https:\/\/colgrad.direito.ufmg.br\/index.php?rest_route=\/wp\/v2\/types\/post"}],"author":[{"embeddable":true,"href":"https:\/\/colgrad.direito.ufmg.br\/index.php?rest_route=\/wp\/v2\/users\/8"}],"replies":[{"embeddable":true,"href":"https:\/\/colgrad.direito.ufmg.br\/index.php?rest_route=%2Fwp%2Fv2%2Fcomments&post=1893"}],"version-history":[{"count":0,"href":"https:\/\/colgrad.direito.ufmg.br\/index.php?rest_route=\/wp\/v2\/posts\/1893\/revisions"}],"wp:attachment":[{"href":"https:\/\/colgrad.direito.ufmg.br\/index.php?rest_route=%2Fwp%2Fv2%2Fmedia&parent=1893"}],"wp:term":[{"taxonomy":"category","embeddable":true,"href":"https:\/\/colgrad.direito.ufmg.br\/index.php?rest_route=%2Fwp%2Fv2%2Fcategories&post=1893"},{"taxonomy":"post_tag","embeddable":true,"href":"https:\/\/colgrad.direito.ufmg.br\/index.php?rest_route=%2Fwp%2Fv2%2Ftags&post=1893"}],"curies":[{"name":"wp","href":"https:\/\/api.w.org\/{rel}","templated":true}]}}