{"id":3345,"date":"2021-06-16T08:00:28","date_gmt":"2021-06-16T11:00:28","guid":{"rendered":"https:\/\/colgrad.direito.ufmg.br\/?p=3345"},"modified":"2021-06-16T03:09:24","modified_gmt":"2021-06-16T06:09:24","slug":"acg-2-semestre-2020-informacoes","status":"publish","type":"post","link":"https:\/\/colgrad.direito.ufmg.br\/?p=3345","title":{"rendered":"ACG &#8211; 1\u00b0 SEMESTRE 2021  Orienta\u00e7\u00f5es e Prazos"},"content":{"rendered":"<p><span style=\"font-family: arial, helvetica, sans-serif; font-size: small;\"><b><u>Passo a Passo para montar o processo:<\/u><\/b><\/span><\/p>\n<div><span style=\"font-family: arial, helvetica, sans-serif; font-size: 10pt;\">&#8211;\u00a0 Ler a Resolu\u00e7\u00e3o 15 e Portaria que regulamenta o ACG para o 1\u00b0 e 2\u00b0 semestre de 2020;<\/span><\/div>\n<div><span style=\"font-size: small; font-family: arial, helvetica, sans-serif;\"><span style=\"color: #1c1717;\">&#8211; Anexar:\u00a0<\/span><\/span><\/div>\n<ul>\n<li><span style=\"font-size: small; font-family: arial, helvetica, sans-serif;\"><span style=\"color: #1c1717;\">formul\u00e1rio \u2013 vers\u00e3o curricular 2012 preenchido (est\u00e1 em PDF edit\u00e1vel \u2013 n\u00e3o \u00e9 necess\u00e1rio imprimir <\/span><\/span><\/li>\n<li><span style=\"font-size: small; font-family: arial, helvetica, sans-serif;\"><span style=\"color: #1c1717;\">\u00a0certificados com as p\u00e1ginas numeradas. <\/span><\/span><strong style=\"font-family: arial, helvetica, sans-serif; font-size: small;\">Aten\u00e7\u00e3o<\/strong><span style=\"font-family: arial, helvetica, sans-serif; font-size: small;\">: As rubricas foram dispensadas pela Comiss\u00e3o de ACG devido \u00e0 pandemia. <\/span>N<strong style=\"font-family: arial, helvetica, sans-serif; font-size: small;\"><em>\u00e3o ser\u00e3o aceitos certificados que n\u00e3o constarem as horas referente a atividade<\/em><\/strong><em style=\"font-family: arial, helvetica, sans-serif; font-size: small;\">;<\/em><\/li>\n<li><span style=\"font-family: arial, helvetica, sans-serif;\">\u00a0<span style=\"font-size: 10pt;\">percurso Curricular (SIGA UFMG: Alunos Gradua\u00e7\u00e3o -&gt;Meus planos de estudo -&gt;Vigente-&gt;DADOS GERAIS<\/span><\/span><\/li>\n<\/ul>\n<div><span style=\"font-size: small; font-family: arial, helvetica, sans-serif;\"><span style=\"color: #1c1717;\">\u2013 Encaminhar ao e-mail:\u00a0<a href=\"mailto:acg@ufmg.br\" target=\"_blank\" rel=\"noopener noreferrer\"><span style=\"color: #0000cc;\">a<\/span><\/a><span style=\"color: #0000cc;\"><a href=\"mailto:cg@direito.ufmg.br\" target=\"_blank\" rel=\"noopener noreferrer\">cg@direito.ufmg.br \u00a0 <\/a><\/span>em um <strong>ARQUIVO \u00daNICO<\/strong> ( formul\u00e1rio &#8211; pdf edit\u00e1vel, certificados e percurso curricular, obrigatoriamente nesta ordem). No assunto, colocar:\u00a0 <strong>ACG &#8211; NOME &#8211; MATR\u00cdCULA<\/strong>.\u00a0<\/span><\/span><\/div>\n<div><span style=\"font-size: small; font-family: arial, helvetica, sans-serif;\"><span style=\"color: #1c1717;\"> Documenta\u00e7\u00e3o ileg\u00edvel n\u00e3o ser\u00e1 aceita.<\/span><\/span><\/div>\n<div><\/div>\n<div><\/div>\n<div><\/div>\n<p><strong>PRAZOS:<\/strong><\/p>\n<p class=\"western\"><span style=\"font-size: 10pt;\"><span style=\"color: #003300;\"><span style=\"font-family: Arial, sans-serif;\"><b>RECEBIMENTOS DOS PEDIDOS POR EM-MAIL E ENCAMINHAMENTO \u00c0 COMISS\u00c3O: <\/b><\/span><\/span><span style=\"color: #003300;\"><span style=\"font-family: Arial, sans-serif;\"><b>23\/06\/2021 a 23\/07\/2021<\/b><\/span><\/span><\/span><\/p>\n<p class=\"western\"><span style=\"font-size: 10pt;\"><span style=\"color: #003300;\"><span style=\"font-family: Arial, sans-serif;\"><b>PRAZO PARA AN\u00c1LISE PELA COMISS\u00c3O:\u00a0 26\/07\/2021 a 06\/08\/2021<\/b><\/span><\/span><\/span><\/p>\n<h1 class=\"western\"><span style=\"font-size: 10pt;\"><span style=\"color: #003300;\"><span style=\"font-family: Arial, sans-serif;\">DIVULGA\u00c7\u00c3O DOS RESULTADOS: 10\/08\/2021\u00a0 &#8211;<\/span><\/span><\/span><span style=\"font-size: 10pt;\"><span style=\"color: #003300;\"><span style=\"font-family: Arial, sans-serif;\"> <span style=\"color: #ff0000;\">aten\u00e7\u00e3o: <span style=\"color: #000000;\">data Limite!! <\/span><\/span><\/span><\/span><span style=\"font-family: Arial, sans-serif; color: #000000;\">o resultado pode sair antes, a depender do professor. \u00c0 medida em que os processos de acg\u00a0 forem sendo analisados, iremos enviar \u00e0 se\u00e7\u00e3o de ensino para lan\u00e7amento no sistema.<\/span><span style=\"color: #003300;\"><span style=\"font-family: Arial, sans-serif;\"><span style=\"color: #ff0000;\"><span style=\"color: #000000;\"> Caso o resultado do seu processo n\u00e3o tenha sido lan\u00e7ado em seu extrato de integraliza\u00e7\u00e3o, Favor entrar em contato com o colegiado,<\/span> <strong>mas, somente ap\u00f3s esta data.<\/strong><\/span><\/span><\/span><\/span><\/h1>\n<h1 class=\"western\"><span style=\"font-size: 10pt;\"><span style=\"color: #003300;\"><span style=\"font-family: Arial, sans-serif;\">RECEBIMENTO DOS RECURSOS: <\/span><\/span><span style=\"color: #003300;\"><span style=\"font-family: Arial, sans-serif;\">11\/08\/2021 a 20\/08\/2021<\/span><\/span><\/span><\/h1>\n<h1 class=\"western\"><span style=\"font-size: 10pt;\"><span style=\"color: #003300;\"><span style=\"font-family: Arial, sans-serif;\">PER\u00cdODO DE AN\u00c1LISE DOS RECURSOS PELA COMISS\u00c3O: 23\/08\/2021 a 27\/08\/2021<\/span><\/span><\/span><\/h1>\n<h1 class=\"western\"><span style=\"font-size: 10pt;\"><span style=\"color: #003300;\"><span style=\"font-family: Arial, sans-serif;\">RESULTADO FINAL: <\/span><\/span><span style=\"color: #003300;\"><span style=\"font-family: Arial, sans-serif;\">01\/09\/2021<\/span><\/span><\/span><\/h1>\n<div>\n<table style=\"border-collapse: collapse; width: 100%; height: 72px;\">\n<tbody>\n<tr style=\"height: 24px;\">\n<td style=\"width: 100%; height: 24px;\"><a href=\".\/?page_id=87\">Formul\u00e1rios ACG<\/a><\/td>\n<\/tr>\n<tr style=\"height: 24px;\">\n<td style=\"width: 100%; height: 24px;\"><a href=\".\/wp-content\/uploads\/2020\/06\/Portaria-ACG.pdf\">Portaria 01\/2020 &#8211; Regulamenta ACG para o 1\u00ba semestre de 2020.<\/a><\/td>\n<\/tr>\n<tr style=\"height: 24px;\">\n<td style=\"width: 100%; height: 24px;\"><a href=\".\/wp-content\/uploads\/2019\/05\/ACG-2012-RESOLU%C3%87AO.pdf\">Resolu\u00e7\u00e3o 15 de 20\/03\/2012 &#8211; Regulamenta ACG<\/a><\/td>\n<\/tr>\n<\/tbody>\n<\/table>\n<\/div>\n<div><\/div>\n<div><\/div>\n","protected":false},"excerpt":{"rendered":"<p>Orienta\u00e7\u00f5es e Prazos<\/p>\n","protected":false},"author":5,"featured_media":0,"comment_status":"closed","ping_status":"open","sticky":false,"template":"","format":"standard","meta":{"footnotes":""},"categories":[6],"tags":[],"class_list":["post-3345","post","type-post","status-publish","format-standard","hentry","category-colegiado"],"publishpress_future_action":{"enabled":false,"date":"2026-05-07 21:36:20","action":"change-status","newStatus":"draft","terms":[],"taxonomy":"category","extraData":[]},"publishpress_future_workflow_manual_trigger":{"enabledWorkflows":[]},"_links":{"self":[{"href":"https:\/\/colgrad.direito.ufmg.br\/index.php?rest_route=\/wp\/v2\/posts\/3345","targetHints":{"allow":["GET"]}}],"collection":[{"href":"https:\/\/colgrad.direito.ufmg.br\/index.php?rest_route=\/wp\/v2\/posts"}],"about":[{"href":"https:\/\/colgrad.direito.ufmg.br\/index.php?rest_route=\/wp\/v2\/types\/post"}],"author":[{"embeddable":true,"href":"https:\/\/colgrad.direito.ufmg.br\/index.php?rest_route=\/wp\/v2\/users\/5"}],"replies":[{"embeddable":true,"href":"https:\/\/colgrad.direito.ufmg.br\/index.php?rest_route=%2Fwp%2Fv2%2Fcomments&post=3345"}],"version-history":[{"count":0,"href":"https:\/\/colgrad.direito.ufmg.br\/index.php?rest_route=\/wp\/v2\/posts\/3345\/revisions"}],"wp:attachment":[{"href":"https:\/\/colgrad.direito.ufmg.br\/index.php?rest_route=%2Fwp%2Fv2%2Fmedia&parent=3345"}],"wp:term":[{"taxonomy":"category","embeddable":true,"href":"https:\/\/colgrad.direito.ufmg.br\/index.php?rest_route=%2Fwp%2Fv2%2Fcategories&post=3345"},{"taxonomy":"post_tag","embeddable":true,"href":"https:\/\/colgrad.direito.ufmg.br\/index.php?rest_route=%2Fwp%2Fv2%2Ftags&post=3345"}],"curies":[{"name":"wp","href":"https:\/\/api.w.org\/{rel}","templated":true}]}}