{"id":4079,"date":"2023-02-06T10:00:45","date_gmt":"2023-02-06T13:00:45","guid":{"rendered":"https:\/\/colgrad.direito.ufmg.br\/?p=4079"},"modified":"2023-02-06T10:06:31","modified_gmt":"2023-02-06T13:06:31","slug":"atestado-declaracao-de-matricula","status":"publish","type":"post","link":"https:\/\/colgrad.direito.ufmg.br\/?p=4079","title":{"rendered":"ATESTADO\/DECLARA\u00c7\u00c3O DE MATR\u00cdCULA"},"content":{"rendered":"<p style=\"text-align: center;\"><strong>Aten\u00e7\u00e3o<\/strong><\/p>\n<p>Os Atestados\/Declara\u00e7\u00f5es de Matr\u00edculas ser\u00e3o emitidos somente ap\u00f3s a conclus\u00e3o de<span style=\"font-size: 14pt; color: #ff0000;\"><strong> todas as fases da matr\u00edcula<\/strong>.<\/span><\/p>\n<p><span style=\"color: #ff0000;\"><strong>N\u00c3O SER\u00c3O EMITIDOS COMPROVANTES DE FREQU\u00caNCIA ENQUANTO N\u00c3O INICIAREM AS AULAS.<\/strong><\/span><\/p>\n<p>1\u00aa fase (OBRIGAT\u00d3RIA) &#8211; Envio do requerimento de matr\u00edcula <strong>online (SIGA)<\/strong> &#8211; <strong>30\/01 a 02\/02\/2023<\/strong><\/p>\n<p>2\u00aa fase (Opcional) &#8211; Envio do requerimento de <strong>INCLUS\u00c3O<\/strong> de novas atividades <strong>em turma com vagas (SIGA)<\/strong> &#8211; <strong>15 a 16\/02\/23<\/strong><\/p>\n<p>3\u00aa fase (Opcional) &#8211; Solicita\u00e7\u00e3o de matr\u00edcula em <strong>Forma\u00e7\u00e3o Livre e Forma\u00e7\u00e3o Complementar Aberta e Transversal (SIGA)<\/strong> &#8211; <strong>28\/02 a 01\/03<\/strong><\/p>\n<p>D\u00favidas sobre matr\u00edculas ser\u00e3o atendidas <strong>APENAS<\/strong> na caixa postal da matr\u00edcula : <strong>matricula@direito.ufmg.br<\/strong><\/p>\n<p>Se\u00e7\u00e3o de Ensino<\/p>\n","protected":false},"excerpt":{"rendered":"<p>Aten\u00e7\u00e3o Os Atestados\/Declara\u00e7\u00f5es de Matr\u00edculas ser\u00e3o emitidos somente ap\u00f3s a conclus\u00e3o de todas as fases da matr\u00edcula. N\u00c3O SER\u00c3O EMITIDOS COMPROVANTES DE FREQU\u00caNCIA ENQUANTO N\u00c3O INICIAREM AS AULAS. 1\u00aa fase&hellip;<\/p>\n","protected":false},"author":2,"featured_media":0,"comment_status":"closed","ping_status":"open","sticky":true,"template":"","format":"standard","meta":{"footnotes":""},"categories":[6],"tags":[],"class_list":["post-4079","post","type-post","status-publish","format-standard","hentry","category-colegiado"],"publishpress_future_action":{"enabled":false,"date":"2026-05-06 08:32:32","action":"change-status","newStatus":"draft","terms":[],"taxonomy":"category","extraData":[]},"publishpress_future_workflow_manual_trigger":{"enabledWorkflows":[]},"_links":{"self":[{"href":"https:\/\/colgrad.direito.ufmg.br\/index.php?rest_route=\/wp\/v2\/posts\/4079","targetHints":{"allow":["GET"]}}],"collection":[{"href":"https:\/\/colgrad.direito.ufmg.br\/index.php?rest_route=\/wp\/v2\/posts"}],"about":[{"href":"https:\/\/colgrad.direito.ufmg.br\/index.php?rest_route=\/wp\/v2\/types\/post"}],"author":[{"embeddable":true,"href":"https:\/\/colgrad.direito.ufmg.br\/index.php?rest_route=\/wp\/v2\/users\/2"}],"replies":[{"embeddable":true,"href":"https:\/\/colgrad.direito.ufmg.br\/index.php?rest_route=%2Fwp%2Fv2%2Fcomments&post=4079"}],"version-history":[{"count":0,"href":"https:\/\/colgrad.direito.ufmg.br\/index.php?rest_route=\/wp\/v2\/posts\/4079\/revisions"}],"wp:attachment":[{"href":"https:\/\/colgrad.direito.ufmg.br\/index.php?rest_route=%2Fwp%2Fv2%2Fmedia&parent=4079"}],"wp:term":[{"taxonomy":"category","embeddable":true,"href":"https:\/\/colgrad.direito.ufmg.br\/index.php?rest_route=%2Fwp%2Fv2%2Fcategories&post=4079"},{"taxonomy":"post_tag","embeddable":true,"href":"https:\/\/colgrad.direito.ufmg.br\/index.php?rest_route=%2Fwp%2Fv2%2Ftags&post=4079"}],"curies":[{"name":"wp","href":"https:\/\/api.w.org\/{rel}","templated":true}]}}