{"id":7972,"date":"2023-07-17T21:09:39","date_gmt":"2023-07-18T00:09:39","guid":{"rendered":"https:\/\/colgrad.direito.ufmg.br\/?p=7972"},"modified":"2023-07-17T21:11:53","modified_gmt":"2023-07-18T00:11:53","slug":"vaga-de-estagio-agiel-codemge","status":"publish","type":"post","link":"https:\/\/colgrad.direito.ufmg.br\/?p=7972","title":{"rendered":"Est\u00e1gio &#8211; Agiel \/ Codemge"},"content":{"rendered":"<p>A AGIEL &#8211; Ag\u00eancia Virtual de Est\u00e1gios, em parceria com CODEMGE , est\u00e1 disponibilizando vagas de est\u00e1gio para os estudantes que residem em Belo Horizonte, Confins, Contagem, Lagoa Santa, Pedro Leopoldo, Ribeir\u00e3o das Neves, Sabar\u00e1, Santa Luzia, S\u00e3o Jos\u00e9 da Lapa e Vespasiano e cursam Direito.<br \/>\nEncaminho anexo cartaz da vaga para que possa ser divulgada aos seus alunos.<\/p>\n<p>Segue o link com todas as informa\u00e7\u00f5es sobre o processo seletivo: <a href=\"https:\/\/www.agiel.com.br\/estudante\/vagas\/?codigo=MG2023000688\">https:\/\/www.agiel.com.br\/estudante\/vagas\/?codigo=MG2023000688<\/a><\/p>\n<p><img loading=\"lazy\" decoding=\"async\" class=\"alignnone wp-image-7973 size-full\" src=\"https:\/\/colgrad.direito.ufmg.br\/wp-content\/uploads\/2023\/07\/MG2023000688.png\" alt=\"\" width=\"888\" height=\"1578\" srcset=\"https:\/\/colgrad.direito.ufmg.br\/wp-content\/uploads\/2023\/07\/MG2023000688.png 888w, https:\/\/colgrad.direito.ufmg.br\/wp-content\/uploads\/2023\/07\/MG2023000688-169x300.png 169w, https:\/\/colgrad.direito.ufmg.br\/wp-content\/uploads\/2023\/07\/MG2023000688-576x1024.png 576w, https:\/\/colgrad.direito.ufmg.br\/wp-content\/uploads\/2023\/07\/MG2023000688-768x1365.png 768w, https:\/\/colgrad.direito.ufmg.br\/wp-content\/uploads\/2023\/07\/MG2023000688-864x1536.png 864w\" sizes=\"auto, (max-width: 888px) 100vw, 888px\" \/><\/p>\n<p>&nbsp;<\/p>\n","protected":false},"excerpt":{"rendered":"<p>A AGIEL &#8211; Ag\u00eancia Virtual de Est\u00e1gios, em parceria com CODEMGE , est\u00e1 disponibilizando vagas de est\u00e1gio para os estudantes que residem em Belo Horizonte, Confins, Contagem, Lagoa Santa, Pedro&hellip;<\/p>\n","protected":false},"author":1,"featured_media":0,"comment_status":"closed","ping_status":"open","sticky":false,"template":"","format":"standard","meta":{"footnotes":""},"categories":[12],"tags":[],"class_list":["post-7972","post","type-post","status-publish","format-standard","hentry","category-oportunidades-estagio-npj"],"publishpress_future_action":{"enabled":false,"date":"2026-05-08 20:25:24","action":"change-status","newStatus":"draft","terms":[],"taxonomy":"category","extraData":[]},"publishpress_future_workflow_manual_trigger":{"enabledWorkflows":[]},"_links":{"self":[{"href":"https:\/\/colgrad.direito.ufmg.br\/index.php?rest_route=\/wp\/v2\/posts\/7972","targetHints":{"allow":["GET"]}}],"collection":[{"href":"https:\/\/colgrad.direito.ufmg.br\/index.php?rest_route=\/wp\/v2\/posts"}],"about":[{"href":"https:\/\/colgrad.direito.ufmg.br\/index.php?rest_route=\/wp\/v2\/types\/post"}],"author":[{"embeddable":true,"href":"https:\/\/colgrad.direito.ufmg.br\/index.php?rest_route=\/wp\/v2\/users\/1"}],"replies":[{"embeddable":true,"href":"https:\/\/colgrad.direito.ufmg.br\/index.php?rest_route=%2Fwp%2Fv2%2Fcomments&post=7972"}],"version-history":[{"count":2,"href":"https:\/\/colgrad.direito.ufmg.br\/index.php?rest_route=\/wp\/v2\/posts\/7972\/revisions"}],"predecessor-version":[{"id":7978,"href":"https:\/\/colgrad.direito.ufmg.br\/index.php?rest_route=\/wp\/v2\/posts\/7972\/revisions\/7978"}],"wp:attachment":[{"href":"https:\/\/colgrad.direito.ufmg.br\/index.php?rest_route=%2Fwp%2Fv2%2Fmedia&parent=7972"}],"wp:term":[{"taxonomy":"category","embeddable":true,"href":"https:\/\/colgrad.direito.ufmg.br\/index.php?rest_route=%2Fwp%2Fv2%2Fcategories&post=7972"},{"taxonomy":"post_tag","embeddable":true,"href":"https:\/\/colgrad.direito.ufmg.br\/index.php?rest_route=%2Fwp%2Fv2%2Ftags&post=7972"}],"curies":[{"name":"wp","href":"https:\/\/api.w.org\/{rel}","templated":true}]}}