{"id":8029,"date":"2023-07-20T15:07:20","date_gmt":"2023-07-20T18:07:20","guid":{"rendered":"https:\/\/colgrad.direito.ufmg.br\/?p=8029"},"modified":"2024-02-29T09:44:40","modified_gmt":"2024-02-29T12:44:40","slug":"orientacoes-para-a-matricula-2023-2","status":"publish","type":"post","link":"https:\/\/colgrad.direito.ufmg.br\/?p=8029","title":{"rendered":"Orienta\u00e7\u00f5es para a matr\u00edcula &#8211; 2023\/2"},"content":{"rendered":"<p style=\"text-align: left;\" align=\"center\">Consulte aqui as orienta\u00e7\u00f5es para o processo de matr\u00edcula para o segundo per\u00edodo letivo de 2023<\/p>\n<hr \/>\n<p align=\"center\"><span style=\"color: #ff0000;\"><!--more--><\/span><\/p>\n<p align=\"center\"><span style=\"font-size: 12pt;\"><span style=\"color: #000000;\"><span style=\"font-family: ArialMT, sans-serif;\"><b>NO DIA 24 DE JULHO INICIA-SE O PER\u00cdODO DE MATR\u00cdCULAS <\/b><\/span><\/span><span style=\"color: #000000;\"><span style=\"font-family: ArialMT, sans-serif;\"><b>PARA O 2\u00ba SEMESTRE LETIVO DE 2023.<\/b><\/span><\/span><\/span><\/p>\n<p align=\"center\"><span style=\"color: #ff0000;\">ATEN\u00c7\u00c3O!<\/span><\/p>\n<p align=\"center\"><span style=\"color: #ff0000;\">Alunos sem acesso ao SiGA dever\u00e3o, dentro do per\u00edodo de matr\u00edcula (24 a 26\/07\/2023), fazer PRINT da tela que informa o n\u00e3o acesso e enviar por e-mail para <a style=\"color: #ff0000;\" href=\"mailto:colgrad@direito.ufmg.br\">colgrad@direito.ufmg.br<\/a>, juntamente com a proposta de matr\u00edcula, cujo formul\u00e1rio encontra-se disponibilizado na p\u00e1gina do COLGRAD<\/span><\/p>\n<p align=\"justify\"><!--more--><\/p>\n<p align=\"justify\"><span style=\"color: #000000; font-size: 12pt;\"><span style=\"font-family: ArialMT, sans-serif;\">Os par\u00e2metros configurados no Sistema SiGA e definidos pelo Colegiado de Gradua\u00e7\u00e3o em Direito para o processamento das matr\u00edculas, por ordem de prioridade, s\u00e3o:<\/span><\/span><\/p>\n<p align=\"justify\"><span style=\"color: #000000; font-size: 12pt;\"><span style=\"font-family: ArialMT, sans-serif;\">1) Curso;<\/span><\/span><\/p>\n<p align=\"justify\"><span style=\"font-size: 12pt;\"><span style=\"color: #000000;\"><span style=\"font-family: ArialMT, sans-serif;\">2) Maior carga hor\u00e1ria integralizada (alunos que est\u00e3o mais pr\u00f3ximos de <\/span><\/span><span style=\"color: #000000;\"><span style=\"font-family: ArialMT, sans-serif;\">concluir o curso t\u00eam prioridade sobre os demais);<\/span><\/span><\/span><\/p>\n<p align=\"justify\"><span style=\"color: #000000; font-size: 12pt;\"><span style=\"font-family: ArialMT, sans-serif;\">3) M\u00e9dia de NSG (aluno com maior m\u00e9dia de NSG tem prioridade sobre os demais que solicitarem a mesma atividade);<\/span><\/span><\/p>\n<p align=\"justify\"><span style=\"color: #000000; font-size: 12pt;\"><span style=\"font-family: ArialMT, sans-serif;\">4) \u00daltimo NSG;<\/span><\/span><\/p>\n<p align=\"justify\"><span style=\"color: #000000; font-size: 12pt;\"><span style=\"font-family: ArialMT, sans-serif;\">5) Previs\u00e3o em plano de estudos;<\/span><\/span><\/p>\n<p align=\"justify\"><span style=\"color: #000000; font-size: 12pt;\"><span style=\"font-family: ArialMT, sans-serif;\">6) Menor n\u00famero de reprova\u00e7\u00f5es;<\/span><\/span><\/p>\n<p align=\"justify\"><span style=\"color: #000000; font-size: 12pt;\"><span style=\"font-family: ArialMT, sans-serif;\">7) Menor carga hor\u00e1ria integralizada;<\/span><\/span><\/p>\n<p align=\"justify\"><span style=\"color: #000000; font-size: 12pt;\"><span style=\"font-family: ArialMT, sans-serif;\">8) Maior n\u00famero de reprova\u00e7\u00f5es.<\/span><\/span><\/p>\n<p align=\"justify\"><span style=\"color: #000000; font-size: 12pt;\"><span style=\"font-family: ArialMT, sans-serif;\">9) Obrigatoriedade no percurso;<\/span><\/span><\/p>\n<p align=\"justify\"><span style=\"color: #000000; font-size: 12pt;\"><span style=\"font-family: ArialMT, sans-serif;\">Lembramos que, de acordo com as Normas Gerais de Gradua\u00e7\u00e3o da UFMG, <strong>\u201ca matr\u00edcula \u00e9 de inteira responsabilidade do aluno. Ela deve ser feita, a cada semestre letivo, nos per\u00edodos fixados no Calend\u00e1rio Acad\u00eamico da UFMG\u201d<\/strong>, que, para o pr\u00f3ximo semestre, obedecer\u00e1 ao seguinte cronograma:<\/span><\/span><\/p>\n<p align=\"justify\"><span style=\"font-family: ArialMT, sans-serif; font-size: 12pt;\"><b>CRONOGRAMA:<\/b><\/span><\/p>\n<p align=\"justify\"><span style=\"font-family: ArialMT, sans-serif; font-size: 12pt;\"><b><span style=\"color: #000000;\">1\u00aa Fase (O<\/span><span style=\"color: #000000;\">brigat\u00f3ria<\/span><span style=\"color: #000000;\">):<\/span><\/b><\/span><\/p>\n<p align=\"justify\"><span style=\"font-family: ArialMT, sans-serif; font-size: 12pt;\">Requerimento de matr\u00edcula exclusivamente pelo Aplicativo Siga Mobile: <b>24\/07<\/b><\/span><\/p>\n<p align=\"justify\"><span style=\"font-family: ArialMT, sans-serif; font-size: 12pt;\">Envio do requerimento de matr\u00edcula online no Sistema Acad\u00eamico de Gradua\u00e7\u00e3o (Siga) e no Siga Mobile (n\u00facleo espec\u00edfico): <b>25 <\/b><b>e<\/b><b> 26\/07<\/b><\/span><\/p>\n<p align=\"justify\"><span style=\"font-family: ArialMT, sans-serif; font-size: 12pt;\">An\u00e1lise dos requerimentos pelo colegiado do curso de gradua\u00e7\u00e3o: <b>24 a 27\/07<\/b><\/span><\/p>\n<p align=\"justify\"><span style=\"font-family: ArialMT, sans-serif; font-size: 12pt;\">Resultado da matr\u00edcula na 1\u00aa fase:<b> 02\/08<\/b><\/span><\/p>\n<p align=\"justify\"><span style=\"font-family: ArialMT, sans-serif; font-size: 12pt;\"><b>2\u00aa Fase (Opcional)<\/b> <\/span><\/p>\n<p align=\"justify\"><span style=\"font-family: ArialMT, sans-serif; font-size: 12pt;\">Envio do requerimento de INCLUS\u00c3O de novas atividades, no Sistema Acad\u00eamico de Gradua\u00e7\u00e3o (Siga), (n\u00facleo espec\u00edfico), em turmas com vagas: <b>07 e 08\/08<\/b><\/span><\/p>\n<p align=\"justify\"><span style=\"font-family: ArialMT, sans-serif; font-size: 12pt;\">An\u00e1lise dos requerimentos pelo Colegiado do curso de gradua\u00e7\u00e3o: <b>09 e 10\/08<\/b><\/span><\/p>\n<p align=\"justify\"><span style=\"font-family: ArialMT, sans-serif; font-size: 12pt;\"><b>3\u00aa Fase (Opcional)<\/b><\/span><\/p>\n<p align=\"justify\"><span style=\"font-family: ArialMT, sans-serif; font-size: 12pt;\">Envio do requerimento de matr\u00edcula em atividades de Forma\u00e7\u00e3o Livre (n\u00facleo geral) e Forma\u00e7\u00e3o Transversal (n\u00facleo complementar), no Sistema Acad\u00eamico de Gradua\u00e7\u00e3o (Siga): <b>14 a 16\/08<\/b><\/span><\/p>\n<p align=\"justify\"><span style=\"font-family: ArialMT, sans-serif; font-size: 12pt;\">Resultado da matr\u00edcula na 3\u00aa fase: <b>19\/08\u00a0<\/b><\/span><\/p>\n<p align=\"justify\"><span style=\"color: #000000; font-size: 12pt;\"><span style=\"font-family: ArialMT, sans-serif;\"><b>4\u00aa Fase (Opcional)<\/b><\/span><\/span><\/p>\n<p align=\"justify\"><span style=\"font-family: ArialMT, sans-serif; font-size: 12pt;\"><span style=\"color: #000000;\">Requerimento de matr\u00edcula em disciplinas de p\u00f3s-gradua\u00e7\u00e3o (n\u00facleo avan\u00e7ado), nos Colegiados de Cursos de P\u00f3s-Gradua\u00e7\u00e3o:<\/span><b> <\/b><span style=\"color: #000000;\"><b>21\/08<\/b><\/span><\/span><\/p>\n<p align=\"justify\"><span style=\"font-family: ArialMT, sans-serif; font-size: 12pt;\"><span style=\"color: #000000;\">Matr\u00edcula em disciplinas de p\u00f3s-gradua\u00e7\u00e3o (n\u00facleo avan\u00e7ado) pelos(as) estudantes de gradua\u00e7\u00e3o nos colegiados de cursos de p\u00f3s-gradua\u00e7\u00e3o: <\/span><span style=\"color: #000000;\"><b>23 de agosto<\/b><\/span><\/span><\/p>\n<hr \/>\n<p align=\"justify\"><span style=\"color: #000000; font-size: 12pt;\"><span style=\"font-family: ArialMT, sans-serif;\">O processamento das matr\u00edculas \u00e9 realizado automaticamente pelo SiGA. O deferimento do requerimento de matr\u00edcula refere-se t\u00e3o somente ao envio do requerimento, <strong>n\u00e3o garantindo sua efetiva\u00e7\u00e3o<\/strong>.<\/span><\/span><\/p>\n<p align=\"justify\"><span style=\"font-family: ArialMT, sans-serif; font-size: 12pt;\"><span style=\"color: #000000;\">Deve-se <\/span><span style=\"color: #000000;\"><b>SEMPRE <\/b><\/span><span style=\"color: #000000;\">indicar mais de uma op\u00e7\u00e3o de turma, pois, em caso de uma \u00fanica op\u00e7\u00e3o, o aluno corre o risco de n\u00e3o conseguir vaga caso esta esteja lotada.<\/span><\/span><\/p>\n<p align=\"justify\"><span style=\"font-family: ArialMT, sans-serif; font-size: 12pt;\"><span style=\"color: #000000;\"><b>N\u00c3O REABRA A PROPOSTA J\u00c1 ENVIADA<\/b><\/span><span style=\"color: #000000;\">, pois o sistema cancela automaticamente seu envio em caso de reabertura. \u00c9 imprescind\u00edvel que, ap\u00f3s o processamento da matr\u00edcula, os alunos consultem o sistema acad\u00eamico MinhaUFMG (minhas matr\u00edculas) para verificar em quais disciplinas est\u00e3o efetivamente matriculados.<\/span><\/span><\/p>\n<p align=\"center\"><span style=\"color: #000000; font-size: 12pt;\"><span style=\"font-family: ArialMT, sans-serif;\"><i><b>N\u00c3O SE MATRICULEM EM DISCIPLINAS OPTATIVAS SEM ANTES <\/b><\/i><\/span><\/span><span style=\"color: #000000; font-size: 12pt;\"><span style=\"font-family: ArialMT, sans-serif;\"><i><b>VERIFICAREM OS PR\u00c9-REQUISITOS DISPON\u00cdVEIS NO LINK A SEGUIR, QUE CONT\u00c9M, TAMB\u00c9M, O HOR\u00c1RIO DAS DISCIPLINAS OBRIGAT\u00d3<\/b><\/i><\/span><\/span><span style=\"color: #000000; font-size: 12pt;\"><span style=\"font-family: ArialMT, sans-serif;\"><i><b>RIAS<\/b><\/i><\/span><\/span><\/p>\n<p align=\"justify\"><a href=\"https:\/\/colgrad.direito.ufmg.br\/?p=1248\">https:\/\/colgrad.direito.ufmg.br\/?p=1248<\/a><\/p>\n<p align=\"justify\"><span style=\"font-family: ArialMT, sans-serif; font-size: 12pt;\"><span style=\"color: #000000;\"><b>N\u00e3o existe a vincula\u00e7\u00e3o de aluno \u00e0 turma, mas sim ao CURSO DE ORIGEM (Diurno ou Noturno<\/b><\/span><span style=\"color: #000000;\"><b>). A<\/b><\/span><span style=\"color: #000000;\"><b>ssim, o sistema <\/b><\/span><span style=\"color: #000000;\"><b>faz a aloca\u00e7\u00e3o<\/b><\/span><b> <\/b><span style=\"color: #000000;\"><b>d<\/b><\/span><span style=\"color: #000000;\"><b>os alunos nas turmas com vagas <\/b><\/span><span style=\"color: #000000;\"><u><b>sem a interfer\u00eancia do Colegiado<\/b><\/u><\/span><\/span><\/p>\n<p align=\"justify\"><span style=\"color: #000000; font-size: 12pt;\"><span style=\"font-family: ArialMT, sans-serif;\">N\u00e3o \u00e9 permitido o cancelamento de disciplinas. Esse procedimento \u00e9 danoso para os pr\u00f3prios discentes, j\u00e1 que o cancelamento gera vagas ociosas em turmas nas quais v\u00e1rios alunos n\u00e3o conseguem se matricular segundo os par\u00e2metros do sistema. Desse modo, escolha conscientemente as disciplinas nas quais deseja se matricular, pois eventuais desist\u00eancias estar\u00e3o subordinadas \u00e0s normas do Trancamento Parcial.<\/span><\/span><\/p>\n<p align=\"justify\"><span style=\"font-family: ArialMT, sans-serif; font-size: 12pt;\"><span style=\"color: #000000;\">Os alunos que desejarem cursar mais de uma disciplina de <\/span><span style=\"color: #000000;\"><b>TCC<\/b><\/span><span style=\"color: #000000;\"> no mesmo semestre dever\u00e3o atentar-se para o pr\u00e9-requisito que impede a matr\u00edcula em mais de uma delas. <\/span><span style=\"color: #000000;\"><b>NA 1\u00aa FASE SOMENTE \u00c9 POSS\u00cdVEL A MATR\u00cdCULA EM UMA DISCIPLINA DE TCC<\/b><\/span><span style=\"color: #000000;\">. No entanto, na 2\u00aa fase de matr\u00edcula, poder\u00e1 ser solicitada a inclus\u00e3o da segunda e\/ou terceira disciplina.<\/span><\/span><\/p>\n<p align=\"justify\"><span style=\"font-family: ArialMT, sans-serif; font-size: 12pt;\"><span style=\"color: #000000;\">Os alunos que devem <\/span><span style=\"color: #000000;\"><b>EXCLUSIVAMENTE <\/b><\/span><span style=\"color: #000000;\">Est\u00e1gio Obrigat\u00f3rio e\/ou ACG devem realizar a matr\u00edcula na disciplina DIR106, para manuten\u00e7\u00e3o do v\u00ednculo com a institui\u00e7\u00e3o, n\u00e3o sendo necess\u00e1rio se matricular em disciplina optativa, ocupando vaga.<\/span><\/span><\/p>\n<p align=\"justify\"><span style=\"font-family: ArialMT, sans-serif; font-size: 12pt;\"><span style=\"color: #000000;\">Lembramos que as matr\u00edculas se realizam <\/span><span style=\"color: #000000;\"><b>exclusivamente <\/b><\/span><span style=\"color: #000000;\">pelo SiGA<\/span><\/span><\/p>\n<p align=\"justify\"><span style=\"color: #000000; font-size: 12pt;\"><span style=\"font-family: ArialMT, sans-serif;\">Para outras informa\u00e7\u00f5es: <a href=\"https:\/\/www.ufmg.br\/prograd\/matriculas\/\">https:\/\/www.ufmg.br\/prograd\/matriculas\/<\/a><\/span><\/span><\/p>\n<hr \/>\n<p align=\"justify\">CONSULTE A SEGUIR A RESOLU\u00c7\u00c3O QUE REGULAMENTA A MATR\u00cdCULA NO CURSO DE DIREITO DA UFMG<\/p>\n<p align=\"justify\"><a href=\"https:\/\/colgrad.direito.ufmg.br\/wp-content\/uploads\/2023\/07\/RESOLUCAO-01-2023-REGULAMENTA-A-MATRICULA.pdf\">RESOLU\u00c7AO 01 2023 REGULAMENTA A MATR\u00cdCULA<\/a><\/p>\n","protected":false},"excerpt":{"rendered":"<p>Consulte aqui as orienta\u00e7\u00f5es para o processo de matr\u00edcula para o segundo per\u00edodo letivo de 2023<\/p>\n","protected":false},"author":12,"featured_media":0,"comment_status":"closed","ping_status":"open","sticky":false,"template":"","format":"standard","meta":{"footnotes":""},"categories":[6],"tags":[],"class_list":["post-8029","post","type-post","status-publish","format-standard","hentry","category-colegiado"],"publishpress_future_action":{"enabled":false,"date":"2026-05-06 23:25:05","action":"change-status","newStatus":"draft","terms":[],"taxonomy":"category","extraData":[]},"publishpress_future_workflow_manual_trigger":{"enabledWorkflows":[]},"_links":{"self":[{"href":"https:\/\/colgrad.direito.ufmg.br\/index.php?rest_route=\/wp\/v2\/posts\/8029","targetHints":{"allow":["GET"]}}],"collection":[{"href":"https:\/\/colgrad.direito.ufmg.br\/index.php?rest_route=\/wp\/v2\/posts"}],"about":[{"href":"https:\/\/colgrad.direito.ufmg.br\/index.php?rest_route=\/wp\/v2\/types\/post"}],"author":[{"embeddable":true,"href":"https:\/\/colgrad.direito.ufmg.br\/index.php?rest_route=\/wp\/v2\/users\/12"}],"replies":[{"embeddable":true,"href":"https:\/\/colgrad.direito.ufmg.br\/index.php?rest_route=%2Fwp%2Fv2%2Fcomments&post=8029"}],"version-history":[{"count":29,"href":"https:\/\/colgrad.direito.ufmg.br\/index.php?rest_route=\/wp\/v2\/posts\/8029\/revisions"}],"predecessor-version":[{"id":8087,"href":"https:\/\/colgrad.direito.ufmg.br\/index.php?rest_route=\/wp\/v2\/posts\/8029\/revisions\/8087"}],"wp:attachment":[{"href":"https:\/\/colgrad.direito.ufmg.br\/index.php?rest_route=%2Fwp%2Fv2%2Fmedia&parent=8029"}],"wp:term":[{"taxonomy":"category","embeddable":true,"href":"https:\/\/colgrad.direito.ufmg.br\/index.php?rest_route=%2Fwp%2Fv2%2Fcategories&post=8029"},{"taxonomy":"post_tag","embeddable":true,"href":"https:\/\/colgrad.direito.ufmg.br\/index.php?rest_route=%2Fwp%2Fv2%2Ftags&post=8029"}],"curies":[{"name":"wp","href":"https:\/\/api.w.org\/{rel}","templated":true}]}}